{"id":7046,"date":"2012-09-16T08:00:10","date_gmt":"2012-09-16T11:00:10","guid":{"rendered":"https:\/\/clickcarangola.com.br\/site\/?p=7046"},"modified":"2012-09-16T11:11:18","modified_gmt":"2012-09-16T14:11:18","slug":"homem-e-preso-em-sao-francisco-do-gloria-por-estupro-de-vulneravel","status":"publish","type":"post","link":"https:\/\/clickcarangola.com.br\/site\/16\/09\/2012\/homem-e-preso-em-sao-francisco-do-gloria-por-estupro-de-vulneravel\/","title":{"rendered":"Homem \u00e9 preso em S\u00e3o Francisco do Gl\u00f3ria por estupro de vulner\u00e1vel"},"content":{"rendered":"<p style=\"text-align: justify;\"><span style=\"color: #888888;\"><img loading=\"lazy\" decoding=\"async\" class=\"alignleft\" src=\"https:\/\/www.radiomuriae.com.br\/admin\/am\/noticias\/fotos\/DSC09185_1.jpg\" alt=\"\" width=\"125\" height=\"125\" align=\"absMiddle\" \/><\/span><\/p>\n<p style=\"text-align: justify;\"><span style=\"color: #888888;\">Um homem de 36 anos foi preso, ontem (15), na Rua Azarias Varella Azevedo, em S\u00e3o Francisco do Gl\u00f3ria, por pr\u00e1tica contra dignidade sexual e a fam\u00edlia. J\u00e1 que o crime foi contra uma menina de 10 anos, o ato \u00e9 configurado como estupro de vulner\u00e1vel.<\/span><\/p>\n<p style=\"text-align: justify;\"><span style=\"color: #888888;\">O pai da garota e ela foram \u00e0 delegacia, onde a menor contou \u00e0 Pol\u00edcia que, por volta do meio-dia, havia ido \u00e0 casa do autor, juntamente com a av\u00f3, para conhecer o im\u00f3vel, que a fam\u00edlia pretendia comprar. Quando a av\u00f3 se distraiu, o homem acariciou as n\u00e1degas da menina e tamb\u00e9m tentou passar as m\u00e3os em sua vagina, oferecendo a quantia de R$ 2,00 a ela.<!--more--><\/span><\/p>\n<p style=\"text-align: justify;\"><span style=\"color: #888888;\">Segundo o pai da v\u00edtima, eles n\u00e3o conseguiram localizar a Pol\u00edcia antes e, por isso, s\u00f3 compareceram \u00e0 Delegacia \u00e0 noite.<\/span><\/p>\n<p style=\"text-align: justify;\"><span style=\"color: #888888;\">Procurado pelos militares, o autor contou que havia apenas \u201cesbarrado\u201d na menina. Ela foi, ent\u00e3o, encaminhada ao Hospital de Fervedouro, para atendimento m\u00e9dico, onde se constatou a necessidade de um acompanhamento psicol\u00f3gico. <\/span><\/p>\n<p style=\"text-align: justify;\"><span style=\"color: #888888;\">O autor recebeu voz de pris\u00e3o em flagrante delito e foi levado para a Delegacia de plant\u00e3o de Muria\u00e9 para as devidas provid\u00eancias.\u00a0 O autor relatou \u00e0 PM j\u00e1 ter sido preso por tentativa de estupro e que sofre de problemas mentais. Familiares confirmaram este fato \u00e0 Pol\u00edcia. Com informa\u00e7\u00f5es da PM e R\u00e1dio Muria\u00e9.<\/span><\/p>\n<p style=\"text-align: justify;\"><img loading=\"lazy\" decoding=\"async\" src=\"https:\/\/www.radiomuriae.com.br\/admin\/am\/noticias\/fotos\/DSC09185_1.jpg\" alt=\"\" width=\"300\" height=\"226\" align=\"absMiddle\" \/><\/p>\n<p style=\"text-align: justify;\"><img loading=\"lazy\" decoding=\"async\" src=\"https:\/\/radiomuriae.com.br\/UserFiles\/DSC09197.JPG\" alt=\"\" width=\"300\" height=\"226\" \/><\/p>\n<p style=\"text-align: justify;\"><span style=\"color: #ff0000;\"><span style=\"color: #808080;\">Por: Click Carangola | Sugest\u00f5es de pauta:<\/span> <a href=\"mailto:clickcarangola@gmail.com\">clickcarangola@gmail.com<\/a> <\/span><\/p>\n","protected":false},"excerpt":{"rendered":"<p>Um homem de 36 anos foi preso, ontem (15), na Rua Azarias Varella Azevedo, em S\u00e3o Francisco do Gl\u00f3ria, por pr\u00e1tica contra dignidade sexual e a fam\u00edlia. J\u00e1 que o crime foi contra uma menina de 10 anos, o ato \u00e9 configurado como estupro de vulner\u00e1vel. O pai da garota e ela foram \u00e0 delegacia, [&hellip;]<\/p>\n","protected":false},"author":2,"featured_media":0,"comment_status":"open","ping_status":"open","sticky":false,"template":"","format":"standard","meta":{"footnotes":""},"categories":[55],"tags":[],"class_list":["post-7046","post","type-post","status-publish","format-standard","hentry","category-saofranciscodogloria-mg"],"_links":{"self":[{"href":"https:\/\/clickcarangola.com.br\/site\/wp-json\/wp\/v2\/posts\/7046","targetHints":{"allow":["GET"]}}],"collection":[{"href":"https:\/\/clickcarangola.com.br\/site\/wp-json\/wp\/v2\/posts"}],"about":[{"href":"https:\/\/clickcarangola.com.br\/site\/wp-json\/wp\/v2\/types\/post"}],"author":[{"embeddable":true,"href":"https:\/\/clickcarangola.com.br\/site\/wp-json\/wp\/v2\/users\/2"}],"replies":[{"embeddable":true,"href":"https:\/\/clickcarangola.com.br\/site\/wp-json\/wp\/v2\/comments?post=7046"}],"version-history":[{"count":7,"href":"https:\/\/clickcarangola.com.br\/site\/wp-json\/wp\/v2\/posts\/7046\/revisions"}],"predecessor-version":[{"id":7048,"href":"https:\/\/clickcarangola.com.br\/site\/wp-json\/wp\/v2\/posts\/7046\/revisions\/7048"}],"wp:attachment":[{"href":"https:\/\/clickcarangola.com.br\/site\/wp-json\/wp\/v2\/media?parent=7046"}],"wp:term":[{"taxonomy":"category","embeddable":true,"href":"https:\/\/clickcarangola.com.br\/site\/wp-json\/wp\/v2\/categories?post=7046"},{"taxonomy":"post_tag","embeddable":true,"href":"https:\/\/clickcarangola.com.br\/site\/wp-json\/wp\/v2\/tags?post=7046"}],"curies":[{"name":"wp","href":"https:\/\/api.w.org\/{rel}","templated":true}]}}