{"id":709,"date":"2011-09-18T11:16:13","date_gmt":"2011-09-18T14:16:13","guid":{"rendered":"https:\/\/clickcarangola.com.br\/site\/?p=709"},"modified":"2011-09-18T11:17:35","modified_gmt":"2011-09-18T14:17:35","slug":"universidade-do-estado-de-minas-gerais-abre-inscricoes-para-o-vestibular-2012","status":"publish","type":"post","link":"https:\/\/clickcarangola.com.br\/site\/18\/09\/2011\/universidade-do-estado-de-minas-gerais-abre-inscricoes-para-o-vestibular-2012\/","title":{"rendered":"Universidade do Estado de Minas Gerais abre inscri\u00e7\u00f5es para o vestibular 2012"},"content":{"rendered":"<div style=\"text-align: justify;\"><span style=\"color: #888888;\"><img loading=\"lazy\" decoding=\"async\" class=\"alignleft size-medium wp-image-710\" title=\"UEMG\" src=\"https:\/\/clickcarangola.com.br\/site\/wp-content\/uploads\/2011\/09\/UEMG-300x111.jpg\" alt=\"\" width=\"300\" height=\"111\" srcset=\"https:\/\/clickcarangola.com.br\/site\/wp-content\/uploads\/2011\/09\/UEMG-300x111.jpg 300w, https:\/\/clickcarangola.com.br\/site\/wp-content\/uploads\/2011\/09\/UEMG.jpg 314w\" sizes=\"auto, (max-width: 300px) 100vw, 300px\" \/><\/span><\/div>\n<div style=\"text-align: justify;\"><span style=\"color: #888888;\">\u00a0<\/span><\/div>\n<div style=\"text-align: justify;\"><span style=\"color: #888888;\">\u00a0<\/span><\/div>\n<div style=\"text-align: justify;\"><span style=\"color: #888888;\">\u00a0<\/span><\/div>\n<div style=\"text-align: justify;\"><span style=\"color: #888888;\">\u00a0<\/span><\/div>\n<div style=\"text-align: justify;\"><span style=\"color: #888888;\">\u00a0<\/span><\/div>\n<div style=\"text-align: justify;\"><span style=\"color: #888888;\">\u00a0<\/span><\/div>\n<div style=\"text-align: justify;\"><span style=\"color: #888888;\">A Universidade do Estado de Minas Gerais (Uemg) abre, a partir desta segunda-feira (19), as inscri\u00e7\u00f5es para seu vestibular 2012. S\u00e3o 1.895 vagas para os 29 cursos oferecidos em sete munic\u00edpios. As inscri\u00e7\u00f5es ser\u00e3o aceitas at\u00e9 o dia 7 de outubro e poder\u00e3o ser feitas pelo site www.uemg.br. O valor da inscri\u00e7\u00e3o \u00e9 de R$ 110,00.<\/span><\/div>\n<p><span style=\"color: #888888;\">A sele\u00e7\u00e3o do vestibular ser\u00e1 feita por meio de Provas Gerais, compostas das disciplinas do Ensino M\u00e9dio e de uma Prova de Reda\u00e7\u00e3o. Essas provas ser\u00e3o realizadas no dia 27 de novembro. <\/span><\/p>\n<div style=\"text-align: justify;\"><span style=\"color: #888888;\">Para os cursos da Escola de M\u00fasica e Escola Guignard haver\u00e1 uma etapa preliminar com provas de Habilidades Espec\u00edficas, cujo calend\u00e1rio encontra-se especificado no Manual do Candidato. <\/span><\/div>\n<div style=\"text-align: justify;\"><span style=\"color: #888888;\">\u00a0<\/span>\u00a0<\/div>\n<div style=\"text-align: justify;\"><span style=\"color: #888888;\">A obra liter\u00e1ria indicada para a prova de Literatura Brasileira \u00e9 \u201cLisbela e o prisioneiro\u201d, de Osman Lins (Pe\u00e7a Teatral \/ G\u00eanero dram\u00e1tico &#8211; Editora Planeta do Brasil). <\/span><\/div>\n<div style=\"text-align: justify;\"><span style=\"color: #888888;\">\u00a0<\/span>\u00a0<\/div>\n<div style=\"text-align: justify;\"><span style=\"color: #888888;\">Os candidatos selecionados no Programa de Sele\u00e7\u00e3o Socioecon\u00f4mica &#8211;\u00a0 Reserva de Vagas (Procan) dever\u00e3o se inscrever normalmente no vestibular e assinalar sua condi\u00e7\u00e3o de habilitado ao sistema de cotas.<\/span><\/div>\n<div style=\"text-align: justify;\"><span style=\"color: #888888;\">\u00a0<\/span>\u00a0<\/div>\n<div style=\"text-align: justify;\"><span style=\"color: #888888;\">A Comiss\u00e3o Permanente do Processo Seletivo (Copeps) tamb\u00e9m liberou o programa das provas de Habilidades Espec\u00edficas relativo aos cursos da Escola de M\u00fasica.<\/span><\/div>\n<div style=\"text-align: justify;\"><span style=\"color: #888888;\">\u00a0<\/span>\u00a0<\/div>\n<div style=\"text-align: justify;\"><span style=\"color: #888888;\"><strong>Agenda<\/strong><\/span><\/div>\n<div style=\"text-align: justify;\"><span style=\"color: #888888;\">\u00a0<\/span>\u00a0<\/div>\n<div style=\"text-align: justify;\"><span style=\"color: #888888;\">Inscri\u00e7\u00f5es: 19 de setembro a 7 de outubro.<\/span><\/div>\n<div style=\"text-align: justify;\">\u00a0<\/div>\n<div style=\"text-align: justify;\"><span style=\"color: #888888;\">Provas de Habilidades Espec\u00edficas (Somente para os cursos oferecidos pela Escola de M\u00fasica e Escola Guignard):<\/span><\/div>\n<div style=\"text-align: justify;\"><span style=\"color: #888888;\">\u00a0<\/span><\/div>\n<div style=\"text-align: justify;\"><span style=\"color: #888888;\">&#8211; 29 e 30 de outubro &#8211; 1\u00aa fase de provas espec\u00edficas Escola de M\u00fasica.<\/span><\/div>\n<div style=\"text-align: justify;\"><span style=\"color: #888888;\">\u00a0<\/span><\/div>\n<div style=\"text-align: justify;\"><span style=\"color: #888888;\">&#8211; 5 e 6 de novembro &#8211; 2\u00aa fase de provas espec\u00edficas Escola de M\u00fasica e provas espec\u00edficas da Escola Guignard.<\/span><\/div>\n<div style=\"text-align: justify;\"><span style=\"color: #888888;\">\u00a0<\/span><\/div>\n<div style=\"text-align: justify;\"><span style=\"color: #888888;\">&#8211; At\u00e9 11 de novembro &#8211; Divulga\u00e7\u00e3o dos resultados das provas de habilidade espec\u00edfica na internet.<\/span><\/div>\n<div style=\"text-align: justify;\"><span style=\"color: #888888;\">\u00a0<\/span><\/div>\n<div style=\"text-align: justify;\"><span style=\"color: #888888;\">Provas Gerais (Todos os cursos): 27 de novembro.<\/span><\/div>\n<div style=\"text-align: justify;\"><span style=\"color: #888888;\">\u00a0<\/span><\/div>\n<div style=\"text-align: justify;\"><span style=\"color: #888888;\">Resultado Final: at\u00e9 20 de dezembro.<\/span><\/div>\n<div style=\"text-align: justify;\"><strong><span style=\"color: #888888;\">\u00a0<\/span><\/strong><\/div>\n<div style=\"text-align: justify;\"><strong><span style=\"color: #888888;\">Por: Click Carangola<\/span><\/strong><\/div>\n","protected":false},"excerpt":{"rendered":"<p>\u00a0 \u00a0 \u00a0 \u00a0 \u00a0 \u00a0 A Universidade do Estado de Minas Gerais (Uemg) abre, a partir desta segunda-feira (19), as inscri\u00e7\u00f5es para seu vestibular 2012. S\u00e3o 1.895 vagas para os 29 cursos oferecidos em sete munic\u00edpios. As inscri\u00e7\u00f5es ser\u00e3o aceitas at\u00e9 o dia 7 de outubro e poder\u00e3o ser feitas pelo site www.uemg.br. O [&hellip;]<\/p>\n","protected":false},"author":2,"featured_media":0,"comment_status":"open","ping_status":"open","sticky":false,"template":"","format":"standard","meta":{"footnotes":""},"categories":[1],"tags":[],"class_list":["post-709","post","type-post","status-publish","format-standard","hentry","category-regional"],"_links":{"self":[{"href":"https:\/\/clickcarangola.com.br\/site\/wp-json\/wp\/v2\/posts\/709","targetHints":{"allow":["GET"]}}],"collection":[{"href":"https:\/\/clickcarangola.com.br\/site\/wp-json\/wp\/v2\/posts"}],"about":[{"href":"https:\/\/clickcarangola.com.br\/site\/wp-json\/wp\/v2\/types\/post"}],"author":[{"embeddable":true,"href":"https:\/\/clickcarangola.com.br\/site\/wp-json\/wp\/v2\/users\/2"}],"replies":[{"embeddable":true,"href":"https:\/\/clickcarangola.com.br\/site\/wp-json\/wp\/v2\/comments?post=709"}],"version-history":[{"count":3,"href":"https:\/\/clickcarangola.com.br\/site\/wp-json\/wp\/v2\/posts\/709\/revisions"}],"predecessor-version":[{"id":712,"href":"https:\/\/clickcarangola.com.br\/site\/wp-json\/wp\/v2\/posts\/709\/revisions\/712"}],"wp:attachment":[{"href":"https:\/\/clickcarangola.com.br\/site\/wp-json\/wp\/v2\/media?parent=709"}],"wp:term":[{"taxonomy":"category","embeddable":true,"href":"https:\/\/clickcarangola.com.br\/site\/wp-json\/wp\/v2\/categories?post=709"},{"taxonomy":"post_tag","embeddable":true,"href":"https:\/\/clickcarangola.com.br\/site\/wp-json\/wp\/v2\/tags?post=709"}],"curies":[{"name":"wp","href":"https:\/\/api.w.org\/{rel}","templated":true}]}}