{"id":7098,"date":"2012-09-22T06:30:23","date_gmt":"2012-09-22T09:30:23","guid":{"rendered":"https:\/\/clickcarangola.com.br\/site\/?p=7098"},"modified":"2012-09-22T11:37:54","modified_gmt":"2012-09-22T14:37:54","slug":"lancamento-do-movimento-em-defesa-da-advocacia-em-carangola","status":"publish","type":"post","link":"https:\/\/clickcarangola.com.br\/site\/22\/09\/2012\/lancamento-do-movimento-em-defesa-da-advocacia-em-carangola\/","title":{"rendered":"Lan\u00e7amento do Movimento em Defesa da Advocacia em Carangola"},"content":{"rendered":"<p style=\"text-align: justify;\"><span style=\"color: #888888;\"><img loading=\"lazy\" decoding=\"async\" class=\"alignleft\" src=\"https:\/\/portalcarangola.com\/wp-content\/uploads\/2012\/09\/Luiz-Fernando-Valladao-300x250.jpg\" alt=\"\" width=\"125\" height=\"125\" \/>O diretor do Instituto dos Advogados de Minas Gerais, Luiz Fernando Vallad\u00e3o, ir\u00e1 se reunir com advogados de Carangola e regi\u00e3o na pr\u00f3xima segunda-feira, 24, \u00e0s 13h, no restaurante do Joel, para o lan\u00e7amento do Movimento em Defesa da Advocacia Mineira (MDAM). <\/span><\/p>\n<p style=\"text-align: justify;\"><span style=\"color: #888888;\">O evento tamb\u00e9m marcar\u00e1 o lan\u00e7amento da campanha de Jos\u00e9 Carlos Junior \u00e0 presid\u00eancia da OAB\/Carangola.<!--more--><\/span><\/p>\n<p style=\"text-align: justify;\"><span style=\"color: #888888;\">Para a presid\u00eancia da OAB de Minas Gerais, Vallad\u00e3o \u00e9 o candidato da oposi\u00e7\u00e3o, com a chapa OAB Atuante, e j\u00e1 conta com o apoio de mais da metade das subse\u00e7\u00f5es do interior. Sua campanha investe no projeto de uma OAB mais voltada para projetos corporativos, retomando o papel principal da entidade, que \u00e9 de representar os interesses dos advogados.<\/span><span>\u00a0<\/span><span style=\"color: #888888;\">Al\u00e9m disso, Vallad\u00e3o prop\u00f5e uma renova\u00e7\u00e3o, convidando para compor a sua chapa advogados com perfil mais jovem e que n\u00e3o est\u00e3o envolvidos com compromissos pol\u00edticos dentro da entidade. Ele tem o apoio de Aristoteles Atheniense e Marcos Afonso de Souza, ex-presidentes da OAB\/MG.<\/span><\/p>\n<p style=\"text-align: justify;\"><img loading=\"lazy\" decoding=\"async\" src=\"https:\/\/portalcarangola.com\/wp-content\/uploads\/2012\/09\/Luiz-Fernando-Valladao-300x250.jpg\" alt=\"\" width=\"300\" height=\"226\" \/><\/p>\n<p style=\"text-align: justify;\"><span style=\"color: #888888;\">Por: Click Carangola | Sugest\u00f5es de pauta: <a href=\"mailto:clickcarangola@gmail.com\">clickcarangola@gmail.com<\/a> <\/span><\/p>\n","protected":false},"excerpt":{"rendered":"<p>O diretor do Instituto dos Advogados de Minas Gerais, Luiz Fernando Vallad\u00e3o, ir\u00e1 se reunir com advogados de Carangola e regi\u00e3o na pr\u00f3xima segunda-feira, 24, \u00e0s 13h, no restaurante do Joel, para o lan\u00e7amento do Movimento em Defesa da Advocacia Mineira (MDAM). O evento tamb\u00e9m marcar\u00e1 o lan\u00e7amento da campanha de Jos\u00e9 Carlos Junior \u00e0 [&hellip;]<\/p>\n","protected":false},"author":2,"featured_media":0,"comment_status":"open","ping_status":"open","sticky":false,"template":"","format":"standard","meta":{"footnotes":""},"categories":[37],"tags":[],"class_list":["post-7098","post","type-post","status-publish","format-standard","hentry","category-carangola-mg"],"_links":{"self":[{"href":"https:\/\/clickcarangola.com.br\/site\/wp-json\/wp\/v2\/posts\/7098","targetHints":{"allow":["GET"]}}],"collection":[{"href":"https:\/\/clickcarangola.com.br\/site\/wp-json\/wp\/v2\/posts"}],"about":[{"href":"https:\/\/clickcarangola.com.br\/site\/wp-json\/wp\/v2\/types\/post"}],"author":[{"embeddable":true,"href":"https:\/\/clickcarangola.com.br\/site\/wp-json\/wp\/v2\/users\/2"}],"replies":[{"embeddable":true,"href":"https:\/\/clickcarangola.com.br\/site\/wp-json\/wp\/v2\/comments?post=7098"}],"version-history":[{"count":3,"href":"https:\/\/clickcarangola.com.br\/site\/wp-json\/wp\/v2\/posts\/7098\/revisions"}],"predecessor-version":[{"id":7101,"href":"https:\/\/clickcarangola.com.br\/site\/wp-json\/wp\/v2\/posts\/7098\/revisions\/7101"}],"wp:attachment":[{"href":"https:\/\/clickcarangola.com.br\/site\/wp-json\/wp\/v2\/media?parent=7098"}],"wp:term":[{"taxonomy":"category","embeddable":true,"href":"https:\/\/clickcarangola.com.br\/site\/wp-json\/wp\/v2\/categories?post=7098"},{"taxonomy":"post_tag","embeddable":true,"href":"https:\/\/clickcarangola.com.br\/site\/wp-json\/wp\/v2\/tags?post=7098"}],"curies":[{"name":"wp","href":"https:\/\/api.w.org\/{rel}","templated":true}]}}