{"id":714,"date":"2011-09-19T11:38:25","date_gmt":"2011-09-19T14:38:25","guid":{"rendered":"https:\/\/clickcarangola.com.br\/site\/?p=714"},"modified":"2011-09-19T13:40:34","modified_gmt":"2011-09-19T16:40:34","slug":"piloto-de-supercross-swian-zanoni-morre-durante-apresentacao-em-orizania","status":"publish","type":"post","link":"https:\/\/clickcarangola.com.br\/site\/19\/09\/2011\/piloto-de-supercross-swian-zanoni-morre-durante-apresentacao-em-orizania\/","title":{"rendered":"Piloto de supercross Swian Zanoni morre durante apresenta\u00e7\u00e3o em Oriz\u00e2nia"},"content":{"rendered":"<p style=\"text-align: justify;\"><span style=\"color: #888888;\">O piloto de supercross Swian Zanoni, de 23 anos, morreu na tarde deste domingo (18), ap\u00f3s um acidente em uma apresenta\u00e7\u00e3o em Oriz\u00e2nia, na Zona da Mata de Minas Gerais. De acordo com informa\u00e7\u00f5es do Instituto M\u00e9dico Legal em Muria\u00e9, o piloto morreu ao bater com a moto contra um coqueiro. Segundo o Hospital Divinense, em Divino, cidade vizinha, ele j\u00e1 chegou sem vida na unidade de sa\u00fade. O corpo foi levado para Muria\u00e9.<\/span><\/p>\n<p style=\"text-align: justify;\"><span style=\"color: #888888;\"><img loading=\"lazy\" decoding=\"async\" class=\"alignleft size-full wp-image-715\" title=\"Swian Zanoni era mineiro, da cidade de Divino.\" src=\"https:\/\/clickcarangola.com.br\/site\/wp-content\/uploads\/2011\/09\/Piloto.jpg\" alt=\"\" width=\"300\" height=\"225\" \/><\/span><\/p>\n<p style=\"text-align: justify;\"><span style=\"color: #888888;\">\u00a0<\/span><\/p>\n<p style=\"text-align: justify;\"><span style=\"color: #888888;\">\u00a0<\/span><\/p>\n<p style=\"text-align: justify;\"><span style=\"color: #888888;\">\u00a0<\/span><\/p>\n<p style=\"text-align: justify;\"><span style=\"color: #888888;\">\u00a0<\/span><\/p>\n<p style=\"text-align: justify;\"><span style=\"color: #888888;\">\u00a0<\/span><\/p>\n<p style=\"text-align: justify;\"><span style=\"color: #888888;\">\u00a0<\/span><\/p>\n<p style=\"text-align: justify;\"><span style=\"color: #888888;\">Zanoni tinha 23 anos e era natural de Divino, Minas Gerais, e se destacava no esporte. O piloto era o \u00fanico representante brasileiro durante toda a temporada do Mundial de Motocross 2011, pela primeira vez na hist\u00f3ria do esporte no Brasil.<\/span><\/p>\n<p style=\"text-align: justify;\"><span style=\"color: #888888;\"><img loading=\"lazy\" decoding=\"async\" class=\"alignleft size-full wp-image-716\" title=\"Piloto se apresentava na cidade de Oriz\u00e2nia.\" src=\"https:\/\/clickcarangola.com.br\/site\/wp-content\/uploads\/2011\/09\/Apresenta\u00e7\u00e3o.jpg\" alt=\"\" width=\"300\" height=\"225\" \/><\/span><\/p>\n<p style=\"text-align: justify;\"><span style=\"color: #888888;\">\u00a0<\/span><\/p>\n<p style=\"text-align: justify;\"><span style=\"color: #888888;\">\u00a0<\/span><\/p>\n<p style=\"text-align: justify;\"><span style=\"color: #888888;\">\u00a0<\/span><\/p>\n<p style=\"text-align: justify;\"><span style=\"color: #888888;\">\u00a0<\/span><\/p>\n<p style=\"text-align: justify;\"><span style=\"color: #888888;\">\u00a0<\/span><\/p>\n<p style=\"text-align: justify;\"><span style=\"color: #888888;\">\u00a0<\/span><\/p>\n<p style=\"text-align: justify;\"><span style=\"color: #888888;\">Em 2003, ganhou seu primeiro t\u00edtulo em uma competi\u00e7\u00e3o de supercross. Segundo o site oficial do atleta, foi 20 vezes campe\u00e3o carioca de motocross e supercross, ficou em 3\u00ba lugar no Supercross Dortmund-Alemanha, em 2008, foi vice-campe\u00e3o latino-americano de supercross na Costa Rica no mesmo ano, e ganhou v\u00e1rias competi\u00e7\u00f5es brasileiras, dentre elas o Arenacross 2010, na categoria Pr\u00f3, a Superliga Brasil de Motocross 2010, categoria MX2, Copa Brigadeiro de Motocross 2010 nas categorias MX2 e MX1.<\/span><\/p>\n<p style=\"text-align: justify;\"><span style=\"color: #888888;\">Zanoni foi eleito no melhor piloto de MX em 2010, ganhando o Moto de Ouro.<\/span><\/p>\n<p style=\"text-align: justify;\"><strong><span style=\"color: #888888;\">Por: Click Carangola<\/span><\/strong><\/p>\n","protected":false},"excerpt":{"rendered":"<p>O piloto de supercross Swian Zanoni, de 23 anos, morreu na tarde deste domingo (18), ap\u00f3s um acidente em uma apresenta\u00e7\u00e3o em Oriz\u00e2nia, na Zona da Mata de Minas Gerais. De acordo com informa\u00e7\u00f5es do Instituto M\u00e9dico Legal em Muria\u00e9, o piloto morreu ao bater com a moto contra um coqueiro. Segundo o Hospital Divinense, [&hellip;]<\/p>\n","protected":false},"author":2,"featured_media":0,"comment_status":"open","ping_status":"open","sticky":false,"template":"","format":"standard","meta":{"footnotes":""},"categories":[43,53,1],"tags":[],"class_list":["post-714","post","type-post","status-publish","format-standard","hentry","category-divino-mg","category-orizania-mg","category-regional"],"_links":{"self":[{"href":"https:\/\/clickcarangola.com.br\/site\/wp-json\/wp\/v2\/posts\/714","targetHints":{"allow":["GET"]}}],"collection":[{"href":"https:\/\/clickcarangola.com.br\/site\/wp-json\/wp\/v2\/posts"}],"about":[{"href":"https:\/\/clickcarangola.com.br\/site\/wp-json\/wp\/v2\/types\/post"}],"author":[{"embeddable":true,"href":"https:\/\/clickcarangola.com.br\/site\/wp-json\/wp\/v2\/users\/2"}],"replies":[{"embeddable":true,"href":"https:\/\/clickcarangola.com.br\/site\/wp-json\/wp\/v2\/comments?post=714"}],"version-history":[{"count":6,"href":"https:\/\/clickcarangola.com.br\/site\/wp-json\/wp\/v2\/posts\/714\/revisions"}],"predecessor-version":[{"id":739,"href":"https:\/\/clickcarangola.com.br\/site\/wp-json\/wp\/v2\/posts\/714\/revisions\/739"}],"wp:attachment":[{"href":"https:\/\/clickcarangola.com.br\/site\/wp-json\/wp\/v2\/media?parent=714"}],"wp:term":[{"taxonomy":"category","embeddable":true,"href":"https:\/\/clickcarangola.com.br\/site\/wp-json\/wp\/v2\/categories?post=714"},{"taxonomy":"post_tag","embeddable":true,"href":"https:\/\/clickcarangola.com.br\/site\/wp-json\/wp\/v2\/tags?post=714"}],"curies":[{"name":"wp","href":"https:\/\/api.w.org\/{rel}","templated":true}]}}