{"id":7166,"date":"2012-09-26T15:00:11","date_gmt":"2012-09-26T18:00:11","guid":{"rendered":"https:\/\/clickcarangola.com.br\/site\/?p=7166"},"modified":"2012-09-30T10:31:22","modified_gmt":"2012-09-30T13:31:22","slug":"orizania-sedia-iv-encontro-de-jccs","status":"publish","type":"post","link":"https:\/\/clickcarangola.com.br\/site\/26\/09\/2012\/orizania-sedia-iv-encontro-de-jccs\/","title":{"rendered":"Oriz\u00e2nia sedia \u2018IV Encontro de JCC\u00b4s\u2019"},"content":{"rendered":"<p style=\"text-align: justify;\"><span style=\"color: #888888;\"><img loading=\"lazy\" decoding=\"async\" class=\"alignleft\" src=\"https:\/\/www.radiomuriae.com.br\/admin\/am\/noticias\/fotos\/DSC00856_1.jpg\" alt=\"\" width=\"125\" height=\"125\" align=\"absMiddle\" \/>Foi realizado, em Oriz\u00e2nia, no \u00faltimo s\u00e1bado (22), o \u201cIV Encontro de JCC\u00b4s\u201d \u2013 Programa Jovens Construindo a Cidadania \u2013, promovido pelos militares da \u00e1rea do 47\u00ba Batalh\u00e3o da Pol\u00edcia Militar.<\/span><\/p>\n<p style=\"text-align: justify;\"><span style=\"color: #888888;\">O objetivo do evento foi promover a integra\u00e7\u00e3o entre jovens e policiais militares do Programa JCC provenientes de diversas cidades, por meio da troca de experi\u00eancias positivas.<!--more--><\/span><\/p>\n<p style=\"text-align: justify;\"><span style=\"color: #888888;\">O encontro contou com a presen\u00e7a de mais de 400 pessoas pertencentes aos \u201cJovens Construindo a Cidadania\u201d dos munic\u00edpios de Oriz\u00e2nia, Divino, Carangola, Muria\u00e9 e Fervedouro, al\u00e9m de integrantes e militares do JCC de Governador Valadares.<\/span><\/p>\n<p style=\"text-align: justify;\"><span style=\"color: #888888;\">Durante a reuni\u00e3o, foram apresentadas tr\u00eas palestras sobre os temas \u201cNutri\u00e7\u00e3o e Merenda Escolar\u201d, \u201cPreven\u00e7\u00e3o ao uso de drogas\u201d e \u201cEstatuto da Crian\u00e7a e do Adolescente\u201d. Fora, realizadas, ainda, din\u00e2micas, brincadeiras, competi\u00e7\u00f5es esportivas e um animado \u201cShow de talentos\u201d.<\/span><\/p>\n<p style=\"text-align: justify;\"><span style=\"color: #888888;\">De acordo com os organizadores do evento, vem sendo realizado um grande trabalho em parceria com as escolas, no intuito de manter jovens, adolescentes e crian\u00e7as longe das drogas, dos crimes e da viol\u00eancia, cultivando valores positivos, incentivando h\u00e1bitos de vida saud\u00e1veis, para a constru\u00e7\u00e3o de uma sociedade mais fraterna, justa e em paz. Com informa\u00e7\u00f5es da PM.<\/span><\/p>\n<p style=\"text-align: justify;\"><span style=\"color: #ff0000;\">Confira as imagens:<\/span><\/p>\n<p style=\"text-align: justify;\"><img loading=\"lazy\" decoding=\"async\" src=\"https:\/\/www.radiomuriae.com.br\/admin\/am\/noticias\/fotos\/DSC00856_1.jpg\" alt=\"\" width=\"300\" height=\"226\" align=\"absMiddle\" \/><\/p>\n<p style=\"text-align: justify;\"><img loading=\"lazy\" decoding=\"async\" src=\"https:\/\/radiomuriae.com.br\/UserFiles\/DSC00905.jpg\" alt=\"\" width=\"300\" height=\"226\" \/><\/p>\n<p style=\"text-align: justify;\"><img loading=\"lazy\" decoding=\"async\" src=\"https:\/\/radiomuriae.com.br\/UserFiles\/SAM_3164(1).jpg\" alt=\"\" width=\"300\" height=\"226\" \/><\/p>\n<p style=\"text-align: justify;\"><img loading=\"lazy\" decoding=\"async\" src=\"https:\/\/radiomuriae.com.br\/UserFiles\/SAM_0493.jpg\" alt=\"\" width=\"300\" height=\"226\" \/><\/p>\n<p style=\"text-align: justify;\"><img loading=\"lazy\" decoding=\"async\" src=\"https:\/\/radiomuriae.com.br\/UserFiles\/SAM_3269(1).jpg\" alt=\"\" width=\"300\" height=\"226\" \/><\/p>\n<p style=\"text-align: justify;\"><span style=\"color: #888888;\">Por: Click Carangola | Sugest\u00f5es de pauta: <a href=\"mailto:clickcarangola@gmail.com\">clickcarangola@gmail.com<\/a><\/span><\/p>\n","protected":false},"excerpt":{"rendered":"<p>Foi realizado, em Oriz\u00e2nia, no \u00faltimo s\u00e1bado (22), o \u201cIV Encontro de JCC\u00b4s\u201d \u2013 Programa Jovens Construindo a Cidadania \u2013, promovido pelos militares da \u00e1rea do 47\u00ba Batalh\u00e3o da Pol\u00edcia Militar. O objetivo do evento foi promover a integra\u00e7\u00e3o entre jovens e policiais militares do Programa JCC provenientes de diversas cidades, por meio da troca [&hellip;]<\/p>\n","protected":false},"author":2,"featured_media":0,"comment_status":"open","ping_status":"open","sticky":false,"template":"","format":"standard","meta":{"footnotes":""},"categories":[53],"tags":[],"class_list":["post-7166","post","type-post","status-publish","format-standard","hentry","category-orizania-mg"],"_links":{"self":[{"href":"https:\/\/clickcarangola.com.br\/site\/wp-json\/wp\/v2\/posts\/7166","targetHints":{"allow":["GET"]}}],"collection":[{"href":"https:\/\/clickcarangola.com.br\/site\/wp-json\/wp\/v2\/posts"}],"about":[{"href":"https:\/\/clickcarangola.com.br\/site\/wp-json\/wp\/v2\/types\/post"}],"author":[{"embeddable":true,"href":"https:\/\/clickcarangola.com.br\/site\/wp-json\/wp\/v2\/users\/2"}],"replies":[{"embeddable":true,"href":"https:\/\/clickcarangola.com.br\/site\/wp-json\/wp\/v2\/comments?post=7166"}],"version-history":[{"count":4,"href":"https:\/\/clickcarangola.com.br\/site\/wp-json\/wp\/v2\/posts\/7166\/revisions"}],"predecessor-version":[{"id":7170,"href":"https:\/\/clickcarangola.com.br\/site\/wp-json\/wp\/v2\/posts\/7166\/revisions\/7170"}],"wp:attachment":[{"href":"https:\/\/clickcarangola.com.br\/site\/wp-json\/wp\/v2\/media?parent=7166"}],"wp:term":[{"taxonomy":"category","embeddable":true,"href":"https:\/\/clickcarangola.com.br\/site\/wp-json\/wp\/v2\/categories?post=7166"},{"taxonomy":"post_tag","embeddable":true,"href":"https:\/\/clickcarangola.com.br\/site\/wp-json\/wp\/v2\/tags?post=7166"}],"curies":[{"name":"wp","href":"https:\/\/api.w.org\/{rel}","templated":true}]}}