{"id":722,"date":"2011-09-19T13:07:39","date_gmt":"2011-09-19T16:07:39","guid":{"rendered":"https:\/\/clickcarangola.com.br\/site\/?p=722"},"modified":"2011-09-20T12:46:17","modified_gmt":"2011-09-20T15:46:17","slug":"corpo-de-swian-zanoni-esta-sendo-velado-em-divino","status":"publish","type":"post","link":"https:\/\/clickcarangola.com.br\/site\/19\/09\/2011\/corpo-de-swian-zanoni-esta-sendo-velado-em-divino\/","title":{"rendered":"Corpo de Swian Zanoni est\u00e1 sendo velado em Divino"},"content":{"rendered":"<p style=\"text-align: justify;\"><span style=\"color: #888888;\">J\u00e1 est\u00e1 sendo velado na Igreja Batista, Rua Idelfonso Frossard, na cidade de Divino, o corpo de Swian Zanoni, 23 anos de idade, que era piloto de Supercross da Honda, destaque no Brasil e Exterior pelo seu talento, simpatia e habilidade sobre duas rodas.<\/span><\/p>\n<p style=\"text-align: justify;\"><span style=\"color: #888888;\"><img loading=\"lazy\" decoding=\"async\" title=\"Swian Zanoni_01\" src=\"https:\/\/clickcarangola.com.br\/site\/wp-content\/uploads\/2011\/09\/Swian-Zanoni_01-300x176.jpg\" alt=\"\" width=\"300\" height=\"225\" \/><\/span><\/p>\n<p style=\"text-align: justify;\"><span style=\"color: #888888;\">Swian morreu no final da tarde de ontem quando fazia uma apresenta\u00e7\u00e3o na cidade de Oriz\u00e2nia, durante a realiza\u00e7\u00e3o da Festa da Primavera.<\/span><\/p>\n<p style=\"text-align: justify;\"><span style=\"color: #888888;\"><img loading=\"lazy\" decoding=\"async\" title=\"Swian Zanoni_02\" src=\"https:\/\/clickcarangola.com.br\/site\/wp-content\/uploads\/2011\/09\/Swian-Zanoni_02-300x179.jpg\" alt=\"\" width=\"300\" height=\"225\" \/><\/span><\/p>\n<div style=\"text-align: justify;\"><span style=\"color: #888888;\">O sepultamento acontece \u00e0s 17h desta segunda-feira (19) no Cemit\u00e9rio Municipal de Divino, cidade natal do piloto.<\/span><\/div>\n<div style=\"text-align: justify;\"><span style=\"color: #888888;\">\u00a0<\/span><\/div>\n<div style=\"text-align: justify;\"><span style=\"color: #888888;\"><img loading=\"lazy\" decoding=\"async\" title=\"Swian Zanoni_03\" src=\"https:\/\/clickcarangola.com.br\/site\/wp-content\/uploads\/2011\/09\/Swian-Zanoni_03-300x225.jpg\" alt=\"\" width=\"300\" height=\"225\" \/><\/span><\/div>\n<div style=\"text-align: justify;\"><span style=\"color: #888888;\">\u00a0<\/span><\/div>\n<div style=\"text-align: justify;\"><strong><span style=\"color: #888888;\">Por: Click Carangola<\/span><\/strong><\/div>\n","protected":false},"excerpt":{"rendered":"<p>J\u00e1 est\u00e1 sendo velado na Igreja Batista, Rua Idelfonso Frossard, na cidade de Divino, o corpo de Swian Zanoni, 23 anos de idade, que era piloto de Supercross da Honda, destaque no Brasil e Exterior pelo seu talento, simpatia e habilidade sobre duas rodas. Swian morreu no final da tarde de ontem quando fazia uma [&hellip;]<\/p>\n","protected":false},"author":2,"featured_media":0,"comment_status":"open","ping_status":"open","sticky":false,"template":"","format":"standard","meta":{"footnotes":""},"categories":[43,53,1],"tags":[],"class_list":["post-722","post","type-post","status-publish","format-standard","hentry","category-divino-mg","category-orizania-mg","category-regional"],"_links":{"self":[{"href":"https:\/\/clickcarangola.com.br\/site\/wp-json\/wp\/v2\/posts\/722","targetHints":{"allow":["GET"]}}],"collection":[{"href":"https:\/\/clickcarangola.com.br\/site\/wp-json\/wp\/v2\/posts"}],"about":[{"href":"https:\/\/clickcarangola.com.br\/site\/wp-json\/wp\/v2\/types\/post"}],"author":[{"embeddable":true,"href":"https:\/\/clickcarangola.com.br\/site\/wp-json\/wp\/v2\/users\/2"}],"replies":[{"embeddable":true,"href":"https:\/\/clickcarangola.com.br\/site\/wp-json\/wp\/v2\/comments?post=722"}],"version-history":[{"count":16,"href":"https:\/\/clickcarangola.com.br\/site\/wp-json\/wp\/v2\/posts\/722\/revisions"}],"predecessor-version":[{"id":724,"href":"https:\/\/clickcarangola.com.br\/site\/wp-json\/wp\/v2\/posts\/722\/revisions\/724"}],"wp:attachment":[{"href":"https:\/\/clickcarangola.com.br\/site\/wp-json\/wp\/v2\/media?parent=722"}],"wp:term":[{"taxonomy":"category","embeddable":true,"href":"https:\/\/clickcarangola.com.br\/site\/wp-json\/wp\/v2\/categories?post=722"},{"taxonomy":"post_tag","embeddable":true,"href":"https:\/\/clickcarangola.com.br\/site\/wp-json\/wp\/v2\/tags?post=722"}],"curies":[{"name":"wp","href":"https:\/\/api.w.org\/{rel}","templated":true}]}}