{"id":7277,"date":"2012-10-07T08:30:36","date_gmt":"2012-10-07T11:30:36","guid":{"rendered":"https:\/\/clickcarangola.com.br\/site\/?p=7277"},"modified":"2012-10-08T17:44:57","modified_gmt":"2012-10-08T20:44:57","slug":"eleicoes-2012-quem-sera-o-novo-prefeito-de-carangola","status":"publish","type":"post","link":"https:\/\/clickcarangola.com.br\/site\/07\/10\/2012\/eleicoes-2012-quem-sera-o-novo-prefeito-de-carangola\/","title":{"rendered":"Elei\u00e7\u00f5es 2012: Quem ser\u00e1 o novo prefeito de Carangola?"},"content":{"rendered":"<p style=\"text-align: justify;\"><span style=\"color: #888888;\"><img loading=\"lazy\" decoding=\"async\" id=\"il_fi\" src=\"https:\/\/www.jccarangola.com.br\/wp-content\/uploads\/2012\/09\/foto-cezar-1-e1346798867815.jpg\" alt=\"\" width=\"125\" height=\"125\" \/>\u00a0<img loading=\"lazy\" decoding=\"async\" id=\"il_fi\" src=\"https:\/\/divulgacand2012.tse.jus.br\/divulgacand2012\/mostrarFotoCandidato.action?sqCandidato=130000083220&amp;codigoMunicipio=42650\" alt=\"\" width=\"125\" height=\"125\" \/>\u00a0<img loading=\"lazy\" decoding=\"async\" id=\"rg_hi\" src=\"https:\/\/t2.gstatic.com\/images?q=tbn:ANd9GcQVkI3UmGvEdl1wCfW3AYc9ZNs6jrvqpsKd2bHVG06hAeReMynW\" alt=\"\" width=\"125\" height=\"125\" data-width=\"259\" data-height=\"194\" \/><\/span><\/p>\n<p style=\"text-align: justify;\"><span style=\"color: #888888;\">Esta tem sido a principal pergunta dos carangolenses nestes \u00faltimos meses de campanha eleitoral. E, j\u00e1 neste domingo (07), a resposta vir\u00e1 \u00e0 tona. Os 25.080 eleitores de Carangola\u00a0come\u00e7aram a ir \u00e0s urnas \u00e0s 08h. O pleito ir\u00e1 seguir, at\u00e9 17h, nos 14 locais de vota\u00e7\u00e3o do munic\u00edpio e, segundo informa\u00e7\u00f5es do TRE, por volta das 22h, o resultado oficial ser\u00e1 divulgado.<!--more--><\/span><\/p>\n<p style=\"text-align: justify;\"><span style=\"color: #888888;\">Neste ano, a disputa pela prefer\u00eancia popular foi bastante acirrada. Tr\u00eas candidatos \u2013 Cezar Ricardo (PT do B), Paulo Pettersen (PMDB) e Patrick (PDT) \u2013 concorrem ao cargo de prefeito. Outros 160 candidatos, com pedidos deferidos pela Justi\u00e7a, almejam, cada um, uma das 13 cadeiras de vereador na C\u00e2mara Municipal.<br \/>\n<\/span><\/p>\n<p style=\"text-align: justify;\"><span style=\"color: #ff0000;\">Se\u00e7\u00f5es de vota\u00e7\u00e3o em Carangola:<\/span><\/p>\n<p style=\"text-align: justify;\"><span style=\"color: #888888;\">Escola Estadual Melo Viana: \u00a024, 25, 26, 27, 28, 29 e 168.<\/span><\/p>\n<p style=\"text-align: justify;\"><span style=\"color: #888888;\">Escola Estadual Benedito Valadares: 30, 31, 32, 33, 34, 35, 36, 154 e 187.<\/span><\/p>\n<p style=\"text-align: justify;\"><span style=\"color: #888888;\">Escola Estadual Em\u00edlia Esteves Marques (Polivalente): \u00a037, 38, 39, 40, 41, 42, 43, 44, 45, 46, 47, 159, 165, 169, 177 e 199.<\/span><\/p>\n<p style=\"text-align: justify;\"><span style=\"color: #888888;\">Escola Estadual Augusto Amarante: \u00a048, 49, 50, 51, 52, 53, 161 e 176.<\/span><\/p>\n<p style=\"text-align: justify;\"><span style=\"color: #888888;\">Estadual Estadual Jonas de Faria Castro: 54, 55, 56, 57, 58, 162, 175 e 186.<\/span><\/p>\n<p style=\"text-align: justify;\"><span style=\"color: #888888;\">Maior Idade: 184, 189 e 197.<\/span><\/p>\n<p style=\"text-align: justify;\"><span style=\"color: #888888;\">Favale &#8211; UEMG: \u00a0198 e 203.<\/span><\/p>\n<p style=\"text-align: justify;\"><span style=\"color: #888888;\">Posto de Sa\u00fade\u00a0\u00a0(Concei\u00e7\u00e3o): 59, 60 e 172.<\/span><\/p>\n<p style=\"text-align: justify;\"><span style=\"color: #888888;\">Escola Municipal de Lacerdina: 61, 62, 63, 63 e 170.<\/span><\/p>\n<p style=\"text-align: justify;\"><span style=\"color: #888888;\">Escola Estadual Nascimento Leal (Alvorada): 65, 66, 67, 68, 69 e 163.<\/span><\/p>\n<p style=\"text-align: justify;\"><span style=\"color: #888888;\">Escola Estadual Pedro de Oliveira (Ponte Alta): 70, 71 e 150.<\/span><\/p>\n<p style=\"text-align: justify;\"><span style=\"color: #888888;\">Escola Municipal Bertoldo Cardoso (S\u00e3o Bento): 166.<\/span><\/p>\n<p style=\"text-align: justify;\"><span style=\"color: #888888;\">Escola Municipal S\u00e3o Jos\u00e9 do Barroso (Barroso): 167.<\/span><\/p>\n<p style=\"text-align: justify;\"><span style=\"color: #888888;\">Escola Municipal Juca Salom\u00e9 (S\u00e3o Manoel do Boi): 183.<\/span><\/p>\n<p style=\"text-align: justify;\"><span style=\"color: #888888;\">Por: Click Carangola | Sugest\u00f5es de pauta: <a href=\"mailto:clickcarangola@gmail.com\">clickcarangola@gmail.com<\/a> <\/span><\/p>\n","protected":false},"excerpt":{"rendered":"<p>\u00a0\u00a0 Esta tem sido a principal pergunta dos carangolenses nestes \u00faltimos meses de campanha eleitoral. E, j\u00e1 neste domingo (07), a resposta vir\u00e1 \u00e0 tona. Os 25.080 eleitores de Carangola\u00a0come\u00e7aram a ir \u00e0s urnas \u00e0s 08h. O pleito ir\u00e1 seguir, at\u00e9 17h, nos 14 locais de vota\u00e7\u00e3o do munic\u00edpio e, segundo informa\u00e7\u00f5es do TRE, por [&hellip;]<\/p>\n","protected":false},"author":2,"featured_media":0,"comment_status":"open","ping_status":"open","sticky":false,"template":"","format":"standard","meta":{"footnotes":""},"categories":[37],"tags":[],"class_list":["post-7277","post","type-post","status-publish","format-standard","hentry","category-carangola-mg"],"_links":{"self":[{"href":"https:\/\/clickcarangola.com.br\/site\/wp-json\/wp\/v2\/posts\/7277","targetHints":{"allow":["GET"]}}],"collection":[{"href":"https:\/\/clickcarangola.com.br\/site\/wp-json\/wp\/v2\/posts"}],"about":[{"href":"https:\/\/clickcarangola.com.br\/site\/wp-json\/wp\/v2\/types\/post"}],"author":[{"embeddable":true,"href":"https:\/\/clickcarangola.com.br\/site\/wp-json\/wp\/v2\/users\/2"}],"replies":[{"embeddable":true,"href":"https:\/\/clickcarangola.com.br\/site\/wp-json\/wp\/v2\/comments?post=7277"}],"version-history":[{"count":7,"href":"https:\/\/clickcarangola.com.br\/site\/wp-json\/wp\/v2\/posts\/7277\/revisions"}],"predecessor-version":[{"id":7279,"href":"https:\/\/clickcarangola.com.br\/site\/wp-json\/wp\/v2\/posts\/7277\/revisions\/7279"}],"wp:attachment":[{"href":"https:\/\/clickcarangola.com.br\/site\/wp-json\/wp\/v2\/media?parent=7277"}],"wp:term":[{"taxonomy":"category","embeddable":true,"href":"https:\/\/clickcarangola.com.br\/site\/wp-json\/wp\/v2\/categories?post=7277"},{"taxonomy":"post_tag","embeddable":true,"href":"https:\/\/clickcarangola.com.br\/site\/wp-json\/wp\/v2\/tags?post=7277"}],"curies":[{"name":"wp","href":"https:\/\/api.w.org\/{rel}","templated":true}]}}