{"id":7284,"date":"2012-10-06T20:00:57","date_gmt":"2012-10-06T23:00:57","guid":{"rendered":"https:\/\/clickcarangola.com.br\/site\/?p=7284"},"modified":"2012-10-07T11:54:42","modified_gmt":"2012-10-07T14:54:42","slug":"candidato-unico-daniel-sathler-comenta-a-campanha-em-alto-jequitiba","status":"publish","type":"post","link":"https:\/\/clickcarangola.com.br\/site\/06\/10\/2012\/candidato-unico-daniel-sathler-comenta-a-campanha-em-alto-jequitiba\/","title":{"rendered":"Candidato \u00fanico: Daniel Sathler comenta a campanha em Alto Jequitib\u00e1"},"content":{"rendered":"<p style=\"text-align: justify;\"><span style=\"color: #888888;\"><img loading=\"lazy\" decoding=\"async\" class=\"alignleft\" src=\"https:\/\/www.portalcaparao.com.br\/fotos\/images\/Daniel%20Guimaraes%20Satler%20(9).jpg\" alt=\"\" width=\"125\" height=\"125\" \/>Alto Jequitib\u00e1 vivencia hoje uma situa\u00e7\u00e3o de destaque em toda a regi\u00e3o. \u00c9 um dos 21 munic\u00edpios mineiros em que apenas um candidato disputa a vaga de prefeito municipal. Nesse caso, \u00e0 reelei\u00e7\u00e3o. <\/span><\/p>\n<p style=\"text-align: justify;\"><span style=\"color: #888888;\">O prefeito Daniel Guimar\u00e3es Sathler, que mesmo precisando apenas de seu voto, quer contar com uma boa vota\u00e7\u00e3o neste domingo. Ao lado de Carlinhos Celestino, o mesmo vice da campanha anterior, ele integra a chapa \u00fanica da Coliga\u00e7\u00e3o Continuar \u00e9 Preciso, formada pelo PMDB, PTB, PP, PT, DEM, PSD, PSDB, PDT e PPS.<!--more--><\/span><\/p>\n<p style=\"text-align: justify;\"><span style=\"color: #888888;\">Enquanto a maioria das cidades comemora o fim da campanha eleitoral, coleciona dezenas de ocorr\u00eancias, provoca\u00e7\u00f5es, embates e conflitos, Alto Jequitib\u00e1 chega a este domingo de elei\u00e7\u00e3o com hist\u00f3rico de paz e calma. \u201cTivemos o privil\u00e9gio de ter uma campanha tranquila para prefeito, bem como para vereadores, apesar da disputa para as vagas da C\u00e2mara Municipal. S\u00e3o 48 candidatos para as 9 vagas. Mesmo assim, com muito respeito a campanha deles\u201d, afirma o prefeito.<\/span><\/p>\n<p style=\"text-align: justify;\"><span style=\"color: #888888;\">Daniel Sathler diz que a maior diferen\u00e7a \u00e9 que n\u00e3o deixou de administrar o munic\u00edpio ao longo desses tr\u00eas meses. \u201cEu priorizei a administra\u00e7\u00e3o, a solu\u00e7\u00e3o de problemas e a busca de conquistas, afinal eu fui eleito para 4 anos de mandato. Continuei trabalhando e dediquei os momentos que tive de tempo para pedir o voto. N\u00e3o deixei de pedir o voto, contudo n\u00e3o tive como visitar todas as casas como fiz na primeira campanha\u201d.<\/span><\/p>\n<p style=\"text-align: justify;\"><span style=\"color: #888888;\">O prefeito e candidato explica, no entanto, que a vota\u00e7\u00e3o deste domingo vai ser um term\u00f4metro de sua gest\u00e3o. \u201cEu entendo que a elei\u00e7\u00e3o, sendo candidato \u00fanico para o segundo mandato, \u00e9 uma avalia\u00e7\u00e3o do meu governo. As pessoas t\u00eam que avaliar os tr\u00eas anos e meio da minha gest\u00e3o e decidir se merecemos continuar a administra\u00e7\u00e3o. Eu busco resultados hoje com um bom n\u00famero de votos. N\u00e3o estou preocupado com a quantidade por mim, mas sim pelo peso que a cidade pode conseguir junto \u00e0s esferas estadual e federal. No mundo da pol\u00edtica, um pol\u00edtico tem seu peso e seu valor proporcional ao n\u00famero de votos. Essa \u00e9 a minha preocupa\u00e7\u00e3o: ter uma boa vota\u00e7\u00e3o para que Alto Jequitib\u00e1 tenha reconhecimento e peso na hora de buscar recursos\u201d.<\/span><\/p>\n<p style=\"text-align: justify;\"><span style=\"color: #888888;\">Durante a reportagem, foi poss\u00edvel ver a diferen\u00e7a nas ruas de Alto Jequitib\u00e1. A cidade praticamente n\u00e3o tem faixas ou outros materiais de propaganda. O que n\u00e3o deixa a disputa menos acirrada. Candidatos a vereador apareceram nesse intervalo e demonstraram que est\u00e3o se dedicando a pedir o voto pessoalmente, na conversa com os eleitores. L\u00f3gico, entregando santinho e a famosa colinha para a hora da vota\u00e7\u00e3o.<\/span><\/p>\n<p style=\"text-align: justify;\"><span style=\"color: #888888;\">Daniel Sathler conta que chegaram a promover um grande com\u00edcio na semana passada e apresentou seus adesivos e santinhos. A despesa de campanha \u00e9 bem menor, mas n\u00e3o deixou de ser feita. A diferen\u00e7a \u00e9 que a cidade est\u00e1 limpa.<\/span><\/p>\n<p style=\"text-align: justify;\"><span style=\"color: #888888;\">\u201cTivemos uma elei\u00e7\u00e3o bem diferenciada e que foi bem aceita. Todos continuaram trabalhando e n\u00e3o houve animosidades e diverg\u00eancias que s\u00e3o comuns numa campanha acirrada. A cidade n\u00e3o foi alvo de polui\u00e7\u00e3o de propaganda eleitoral. Os candidatos a vereador, que vivenciam uma disputa, se dedicaram a encontrar os eleitores e pedir o voto com visitas pac\u00edficas e tranquilas. Isso permitiu um cen\u00e1rio muito calmo em Alto Jequitib\u00e1\u201d, completa Daniel Sathler.<\/span><\/p>\n<p style=\"text-align: justify;\"><img loading=\"lazy\" decoding=\"async\" src=\"https:\/\/www.portalcaparao.com.br\/fotos\/images\/Daniel%20Guimaraes%20Satler%20(9).jpg\" alt=\"\" width=\"300\" height=\"226\" \/><\/p>\n<p style=\"text-align: justify;\"><em><span style=\"color: #888888;\">Prefeito de Alto Jequitib\u00e1 Daniel Sathler \u00e9 candidato \u00fanico \u00e0 reelei\u00e7\u00e3o.<\/span><\/em><\/p>\n<p style=\"text-align: justify;\"><span style=\"color: #ff0000;\">Oposi\u00e7\u00e3o<\/span><\/p>\n<p style=\"text-align: justify;\"><span style=\"color: #888888;\"><img loading=\"lazy\" decoding=\"async\" src=\"https:\/\/www.portalcaparao.com.br\/fotos\/images\/Alto%20Jequitiba%20(17).jpg\" alt=\"\" width=\"300\" height=\"226\" \/><\/span><\/p>\n<p style=\"text-align: justify;\"><em><span><span style=\"color: #888888;\">Sede da Prefeitura de Alto Jequitib\u00e1. A cidade\u00a0reeleger\u00e1\u00a0o atual prefeito neste domingo.<\/span><\/span><\/em><\/p>\n<p style=\"text-align: justify;\"><span style=\"color: #888888;\">Engana-se quem acredita que o prefeito n\u00e3o tem oposi\u00e7\u00e3o. Daniel argumenta que, apesar de ser candidato \u00fanico, tem advers\u00e1rios pol\u00edticos e que est\u00e3o no direito deles de escolher com quem apoiar. \u201cTemos todos os partidos coligados, mas existem pessoas que integram partidos e fazem oposi\u00e7\u00e3o. Eu considero louv\u00e1vel a atitude de alguns setores, que seria melhor n\u00e3o lan\u00e7ar para essa elei\u00e7\u00e3o um candidato de oposi\u00e7\u00e3o. Com toda mod\u00e9stia e respeito que me cabe, prefiro pensar assim. Acredito que \u00e9 um reconhecimento de que o munic\u00edpio est\u00e1 bem administrado\u201d.<\/span><\/p>\n<p style=\"text-align: justify;\"><span style=\"color: #ff0000;\">21 munic\u00edpios mineiros<\/span><\/p>\n<p style=\"text-align: justify;\"><span style=\"color: #888888;\">Al\u00e9m de Alto Jequitib\u00e1, na regi\u00e3o a cidade de Sericita tem apenas uma candidata. Apenas uma chapa foi inscrita na coliga\u00e7\u00e3o formada pelos partidos: DEM, PPS, PSL, PSDB, PR, PT, PV e PSC. Marilda Eni Coelho Reis e o candidato a vice-prefeito Resomar dos Reis.<\/span><\/p>\n<p style=\"text-align: justify;\"><span style=\"color: #888888;\">Os outros 19 munic\u00edpios mineiros com candidatura \u00fanica s\u00e3o: Carm\u00e9sia, Comercinho, Gameleiras, Grupiara, Igaratinga, Jaguara\u00e7u, Jenipapo de Minas, Jesu\u00e2nia, Perdizes, Quartel Geral, Rio Vermelho, Rodeiro, S\u00e3o Gon\u00e7alo do Sapuca\u00ed, S\u00e3o Jos\u00e9 da Safira, Serra da Saudade, Uni\u00e3o de Minas, Vargem Grande do Rio Pardo, Virg\u00ednia e Virgol\u00e2ndia.<\/span><\/p>\n<p style=\"text-align: justify;\"><span style=\"color: #888888;\">Nesses casos, al\u00e9m do nome de um candidato, restar\u00e1 ao eleitor apenas a op\u00e7\u00e3o de votar em branco ou anular o voto. Segundo a legisla\u00e7\u00e3o eleitoral, vence quem obtiver a maioria simples dos votos v\u00e1lidos. Nulos e brancos n\u00e3o s\u00e3o v\u00e1lidos. Assim, na pr\u00e1tica, um candidato \u00fanico s\u00f3 n\u00e3o \u00e9 eleito se nem ele votar nele mesmo. Com informa\u00e7\u00f5es do site portalcaparao.com.br.<\/span><\/p>\n<p style=\"text-align: justify;\"><span style=\"color: #888888;\">Por: Click Carangola | Sugest\u00f5es de pauta: <a href=\"mailto:clickcarangola@gmail.com\">clickcarangola@gmail.com<\/a> <\/span><\/p>\n","protected":false},"excerpt":{"rendered":"<p>Alto Jequitib\u00e1 vivencia hoje uma situa\u00e7\u00e3o de destaque em toda a regi\u00e3o. \u00c9 um dos 21 munic\u00edpios mineiros em que apenas um candidato disputa a vaga de prefeito municipal. Nesse caso, \u00e0 reelei\u00e7\u00e3o. O prefeito Daniel Guimar\u00e3es Sathler, que mesmo precisando apenas de seu voto, quer contar com uma boa vota\u00e7\u00e3o neste domingo. Ao lado [&hellip;]<\/p>\n","protected":false},"author":2,"featured_media":0,"comment_status":"open","ping_status":"open","sticky":false,"template":"","format":"standard","meta":{"footnotes":""},"categories":[40],"tags":[],"class_list":["post-7284","post","type-post","status-publish","format-standard","hentry","category-altojequitiba-mg"],"_links":{"self":[{"href":"https:\/\/clickcarangola.com.br\/site\/wp-json\/wp\/v2\/posts\/7284","targetHints":{"allow":["GET"]}}],"collection":[{"href":"https:\/\/clickcarangola.com.br\/site\/wp-json\/wp\/v2\/posts"}],"about":[{"href":"https:\/\/clickcarangola.com.br\/site\/wp-json\/wp\/v2\/types\/post"}],"author":[{"embeddable":true,"href":"https:\/\/clickcarangola.com.br\/site\/wp-json\/wp\/v2\/users\/2"}],"replies":[{"embeddable":true,"href":"https:\/\/clickcarangola.com.br\/site\/wp-json\/wp\/v2\/comments?post=7284"}],"version-history":[{"count":5,"href":"https:\/\/clickcarangola.com.br\/site\/wp-json\/wp\/v2\/posts\/7284\/revisions"}],"predecessor-version":[{"id":7289,"href":"https:\/\/clickcarangola.com.br\/site\/wp-json\/wp\/v2\/posts\/7284\/revisions\/7289"}],"wp:attachment":[{"href":"https:\/\/clickcarangola.com.br\/site\/wp-json\/wp\/v2\/media?parent=7284"}],"wp:term":[{"taxonomy":"category","embeddable":true,"href":"https:\/\/clickcarangola.com.br\/site\/wp-json\/wp\/v2\/categories?post=7284"},{"taxonomy":"post_tag","embeddable":true,"href":"https:\/\/clickcarangola.com.br\/site\/wp-json\/wp\/v2\/tags?post=7284"}],"curies":[{"name":"wp","href":"https:\/\/api.w.org\/{rel}","templated":true}]}}