{"id":7628,"date":"2012-11-16T11:00:45","date_gmt":"2012-11-16T14:00:45","guid":{"rendered":"https:\/\/clickcarangola.com.br\/site\/?p=7628"},"modified":"2012-11-17T16:37:32","modified_gmt":"2012-11-17T19:37:32","slug":"alto-caparao-sofre-com-falta-de-telefonia-internet-e-energia","status":"publish","type":"post","link":"https:\/\/clickcarangola.com.br\/site\/16\/11\/2012\/alto-caparao-sofre-com-falta-de-telefonia-internet-e-energia\/","title":{"rendered":"Alto Capara\u00f3 sofre com falta de telefonia, internet e energia"},"content":{"rendered":"<p style=\"text-align: justify;\"><span style=\"color: #888888;\"><img loading=\"lazy\" decoding=\"async\" class=\"alignleft\" src=\"https:\/\/www.portalcaparao.com.br\/fotos\/images\/DSC_4978.JPG\" alt=\"\" width=\"125\" height=\"125\" \/>Principal cidade tur\u00edstica da regi\u00e3o, a comunidade de Alto Capara\u00f3, portal de acesso ao Parque Nacional do Capara\u00f3 e ao Pico da Bandeira, por Minas Gerais, sofre com problemas de infraestrutura em \u00e1reas de telefonia e energia el\u00e9trica.<\/span><\/p>\n<p style=\"text-align: justify;\"><span style=\"color: #888888;\">Nesta quinta e sexta-feira, 15 e 16 de novembro, j\u00e1 s\u00e3o 12 horas sem servi\u00e7os de telefonia fixa no munic\u00edpio. Empres\u00e1rios reclamam o preju\u00edzo gerado pela falta de comunica\u00e7\u00e3o. Clientes n\u00e3o conseguem fazer contato com parentes e os poss\u00edveis turistas enfrentam dificuldades para reservar hot\u00e9is, pousadas e restaurantes.<!--more--><\/span><\/p>\n<p style=\"text-align: justify;\"><span style=\"color: #888888;\">Na quinta-feira, relata um comerciante, fez contato com a Oi pelo servi\u00e7o de atendimento. A atendente n\u00e3o deu resposta e nem solu\u00e7\u00e3o para ele, alegando que deveria ligar de uma linha fixa para solicitar o servi\u00e7o. O usu\u00e1rio protestou: utilizava o celular justamente porque nenhum telefone fixo est\u00e1 funcionando. A funcion\u00e1ria foi mais mal educada ainda e insistiu que nada poderia fazer.<\/span><\/p>\n<p style=\"text-align: justify;\"><span style=\"color: #888888;\">Se n\u00e3o bastassem os problemas e preju\u00edzos na telefonia fixa, a cidade tur\u00edstica amarga repetidas faltas de energia el\u00e9trica que afetam os servi\u00e7os de internet e telefonia celular. Somente a operadora Claro tem cobertura em Alto Capara\u00f3.<\/span><\/p>\n<p style=\"text-align: justify;\"><span style=\"color: #888888;\">Segundo v\u00e1rios moradores, basta amea\u00e7ar chover para faltar energia e iniciar um longo per\u00edodo sem internet ou sinal de celular.<\/span><\/p>\n<p style=\"text-align: justify;\"><span style=\"color: #888888;\">Na prefeitura municipal, j\u00e1 houve encaminhamento de of\u00edcios \u00e0s empresas concession\u00e1rias dos servi\u00e7os Oi Fixo, Claro e Cemig. H\u00e1 cobran\u00e7as tamb\u00e9m encaminhadas a deputados federais e estaduais pedindo a interven\u00e7\u00e3o no caso. <\/span><span style=\"color: #888888;\">A reportagem n\u00e3o conseguiu contato com as assessorias de imprensa das empresas neste feriado de 15 de novembro. Com informa\u00e7\u00f5es do site portalcaparao.com.br.<\/span><\/p>\n<p style=\"text-align: justify;\"><span style=\"color: #ff0000;\">Confira as imagens:<\/span><\/p>\n<p style=\"text-align: justify;\"><span style=\"color: #888888;\"><img loading=\"lazy\" decoding=\"async\" src=\"https:\/\/www.portalcaparao.com.br\/fotos\/images\/DSC_4978.JPG\" alt=\"\" width=\"300\" height=\"226\" \/><\/span><\/p>\n<p style=\"text-align: justify;\"><span style=\"color: #888888;\"><img loading=\"lazy\" decoding=\"async\" src=\"https:\/\/www.portalcaparao.com.br\/fotos\/images\/DSC_4979.JPG\" alt=\"\" width=\"300\" height=\"226\" \/><\/span><\/p>\n<p style=\"text-align: justify;\"><span style=\"color: #888888;\">Por: Click Carangola | Sugest\u00f5es de pauta: <a href=\"mailto:clickcarangola@gmail.com\">clickcarangola@gmail.com<\/a> <\/span><\/p>\n","protected":false},"excerpt":{"rendered":"<p>Principal cidade tur\u00edstica da regi\u00e3o, a comunidade de Alto Capara\u00f3, portal de acesso ao Parque Nacional do Capara\u00f3 e ao Pico da Bandeira, por Minas Gerais, sofre com problemas de infraestrutura em \u00e1reas de telefonia e energia el\u00e9trica. Nesta quinta e sexta-feira, 15 e 16 de novembro, j\u00e1 s\u00e3o 12 horas sem servi\u00e7os de telefonia [&hellip;]<\/p>\n","protected":false},"author":2,"featured_media":0,"comment_status":"open","ping_status":"open","sticky":false,"template":"","format":"standard","meta":{"footnotes":""},"categories":[39],"tags":[],"class_list":["post-7628","post","type-post","status-publish","format-standard","hentry","category-altocaparao-mg"],"_links":{"self":[{"href":"https:\/\/clickcarangola.com.br\/site\/wp-json\/wp\/v2\/posts\/7628","targetHints":{"allow":["GET"]}}],"collection":[{"href":"https:\/\/clickcarangola.com.br\/site\/wp-json\/wp\/v2\/posts"}],"about":[{"href":"https:\/\/clickcarangola.com.br\/site\/wp-json\/wp\/v2\/types\/post"}],"author":[{"embeddable":true,"href":"https:\/\/clickcarangola.com.br\/site\/wp-json\/wp\/v2\/users\/2"}],"replies":[{"embeddable":true,"href":"https:\/\/clickcarangola.com.br\/site\/wp-json\/wp\/v2\/comments?post=7628"}],"version-history":[{"count":1,"href":"https:\/\/clickcarangola.com.br\/site\/wp-json\/wp\/v2\/posts\/7628\/revisions"}],"predecessor-version":[{"id":7629,"href":"https:\/\/clickcarangola.com.br\/site\/wp-json\/wp\/v2\/posts\/7628\/revisions\/7629"}],"wp:attachment":[{"href":"https:\/\/clickcarangola.com.br\/site\/wp-json\/wp\/v2\/media?parent=7628"}],"wp:term":[{"taxonomy":"category","embeddable":true,"href":"https:\/\/clickcarangola.com.br\/site\/wp-json\/wp\/v2\/categories?post=7628"},{"taxonomy":"post_tag","embeddable":true,"href":"https:\/\/clickcarangola.com.br\/site\/wp-json\/wp\/v2\/tags?post=7628"}],"curies":[{"name":"wp","href":"https:\/\/api.w.org\/{rel}","templated":true}]}}