{"id":768,"date":"2011-09-20T13:00:10","date_gmt":"2011-09-20T16:00:10","guid":{"rendered":"https:\/\/clickcarangola.com.br\/site\/?p=768"},"modified":"2011-09-20T13:00:10","modified_gmt":"2011-09-20T16:00:10","slug":"medico-revela-que-swian-zanoni-nao-tinha-autorizacao-para-competir","status":"publish","type":"post","link":"https:\/\/clickcarangola.com.br\/site\/20\/09\/2011\/medico-revela-que-swian-zanoni-nao-tinha-autorizacao-para-competir\/","title":{"rendered":"M\u00e9dico revela que Swian Zanoni n\u00e3o tinha autoriza\u00e7\u00e3o para competir"},"content":{"rendered":"<p style=\"text-align: justify;\"><span style=\"color: #888888;\">O piloto brasileiro Swian Zanoni, morto no \u00faltimo domingo durante uma prova em Minas Gerais, n\u00e3o tinha autoriza\u00e7\u00e3o para competir, uma vez que estava em est\u00e1gio final de recupera\u00e7\u00e3o de uma fratura no antebra\u00e7o direito sofrida no m\u00eas de julho durante a etapa da Let\u00f4nia do Campeonato Mundial de motocross.<\/span><\/p>\n<p><span style=\"color: #888888;\">Segundo o m\u00e9dico que vinha acompanhando a evolu\u00e7\u00e3o do jovem de 23 anos, ele s\u00f3 tinha permiss\u00e3o para fazer treinamentos leves com moto, e sua libera\u00e7\u00e3o definitiva ainda dependia de uma nova avalia\u00e7\u00e3o que seria feita justamente nesta semana. O atleta nasceu em Divino (MG) e se consultava em Indaiatuba (SP), mas sua base de treinos era em Nova Friburgo (RJ).<\/span><\/p>\n<p><span style=\"color: #888888;\">\u201cO Swian estava liberado para treinos leves com motocicleta. Ele fez um treinamento aqui em Indaiatuba [em agosto] onde eu o acompanhei na pista, treinou praticamente sem saltos, sem buracos na pista, e essa era a \u00fanica autoriza\u00e7\u00e3o que ele tinha para fazer com a moto, sem competi\u00e7\u00e3o\u201d, explicou Rodolpho Annichino, especialista em ortopedia e traumatologia, em entrevista ao UOL Esporte.<\/span><\/p>\n<p><span style=\"color: #888888;\">O m\u00e9dico e amigo revelou que a consulta agendada para esta semana definiria se ele poderia participar de uma competi\u00e7\u00e3o oficial j\u00e1 nos pr\u00f3ximos dias ou apenas no in\u00edcio de outubro.<\/span><\/p>\n<p><span style=\"color: #888888;\">\u201cEle seria reavaliado na ter\u00e7a ou quarta para tomarmos a decis\u00e3o se poderia correr o Brasileiro na semana que vem [5\u00aa etapa do Campeonato, em Aracaju, no dia 21 de setembro]. Mas a programa\u00e7\u00e3o inicial era competir s\u00f3 no Arena Cross, no dia 8 de outubro [4\u00aa etapa, em S\u00e3o Paulo]. Se ele tivesse uma recupera\u00e7\u00e3o muito boa, a gente iria avali\u00e1-lo durante a semana para saber se teria condi\u00e7\u00e3o de correr em Sergipe\u201d, completou Annichino.<\/span><\/p>\n<p><span style=\"color: #888888;\">O especialista reiterou ainda que n\u00e3o foi informado por Swian sobre a participa\u00e7\u00e3o na prova na cidade de Oriz\u00e2nia, durante um festival no \u00faltimo final de semana. Annichino afirmou que, se soubesse da competi\u00e7\u00e3o, n\u00e3o autorizaria o piloto a disput\u00e1-la.<\/span><\/p>\n<p><span style=\"color: #888888;\">\u201cConversei com ele na sexta passa, por telefone, onde ele passou pra mim que estava bem, sem dores, treinando bem, mas n\u00e3o me relatou nada sobre a corrida do fim de semana. Foi uma surpresa pra mim saber que que ele tinha se acidentado numa competi\u00e7\u00e3o\u201d, comentou o m\u00e9dico. \u201c[Se soubesse] eu com certeza n\u00e3o autorizaria\u201d.<\/span><\/p>\n<p style=\"text-align: justify;\"><strong><span style=\"color: #888888;\">Por: Click Carangola<\/span><\/strong><\/p>\n","protected":false},"excerpt":{"rendered":"<p>O piloto brasileiro Swian Zanoni, morto no \u00faltimo domingo durante uma prova em Minas Gerais, n\u00e3o tinha autoriza\u00e7\u00e3o para competir, uma vez que estava em est\u00e1gio final de recupera\u00e7\u00e3o de uma fratura no antebra\u00e7o direito sofrida no m\u00eas de julho durante a etapa da Let\u00f4nia do Campeonato Mundial de motocross. Segundo o m\u00e9dico que vinha [&hellip;]<\/p>\n","protected":false},"author":2,"featured_media":0,"comment_status":"open","ping_status":"open","sticky":false,"template":"","format":"standard","meta":{"footnotes":""},"categories":[43,53,1],"tags":[],"class_list":["post-768","post","type-post","status-publish","format-standard","hentry","category-divino-mg","category-orizania-mg","category-regional"],"_links":{"self":[{"href":"https:\/\/clickcarangola.com.br\/site\/wp-json\/wp\/v2\/posts\/768","targetHints":{"allow":["GET"]}}],"collection":[{"href":"https:\/\/clickcarangola.com.br\/site\/wp-json\/wp\/v2\/posts"}],"about":[{"href":"https:\/\/clickcarangola.com.br\/site\/wp-json\/wp\/v2\/types\/post"}],"author":[{"embeddable":true,"href":"https:\/\/clickcarangola.com.br\/site\/wp-json\/wp\/v2\/users\/2"}],"replies":[{"embeddable":true,"href":"https:\/\/clickcarangola.com.br\/site\/wp-json\/wp\/v2\/comments?post=768"}],"version-history":[{"count":1,"href":"https:\/\/clickcarangola.com.br\/site\/wp-json\/wp\/v2\/posts\/768\/revisions"}],"predecessor-version":[{"id":769,"href":"https:\/\/clickcarangola.com.br\/site\/wp-json\/wp\/v2\/posts\/768\/revisions\/769"}],"wp:attachment":[{"href":"https:\/\/clickcarangola.com.br\/site\/wp-json\/wp\/v2\/media?parent=768"}],"wp:term":[{"taxonomy":"category","embeddable":true,"href":"https:\/\/clickcarangola.com.br\/site\/wp-json\/wp\/v2\/categories?post=768"},{"taxonomy":"post_tag","embeddable":true,"href":"https:\/\/clickcarangola.com.br\/site\/wp-json\/wp\/v2\/tags?post=768"}],"curies":[{"name":"wp","href":"https:\/\/api.w.org\/{rel}","templated":true}]}}