{"id":770,"date":"2011-09-20T13:03:58","date_gmt":"2011-09-20T16:03:58","guid":{"rendered":"https:\/\/clickcarangola.com.br\/site\/?p=770"},"modified":"2011-09-20T13:03:58","modified_gmt":"2011-09-20T16:03:58","slug":"evento-que-matou-piloto-de-motocross-era-pirata","status":"publish","type":"post","link":"https:\/\/clickcarangola.com.br\/site\/20\/09\/2011\/evento-que-matou-piloto-de-motocross-era-pirata\/","title":{"rendered":"Evento que matou piloto de motocross era pirata"},"content":{"rendered":"<div id=\"SearchKey_Text1\">\n<p style=\"text-align: justify;\"><span style=\"color: #888888;\">Em um evento n\u00e3o homologado pela Confedera\u00e7\u00e3o Brasileira de Motociclismo (CBM) em Oriz\u00e2nia, Zona da Mata Mineira, o Brasil perdeu uma de suas maiores revela\u00e7\u00f5es no motocross: Swian Zanoni. O jovem de apenas 23 anos morreu quando fazia uma apresenta\u00e7\u00e3o na cidade.<\/span><\/p>\n<p style=\"text-align: justify;\"><span style=\"color: #888888;\">O evento foi em uma festa comemorativa da cidade, que, al\u00e9m de outras coisas, contou com uma prova de motocross. Chamado para participar da ocasi\u00e3o, Zanoni n\u00e3o competiu na corrida, apenas foi treinar e dar alguns saltos, pois sua fam\u00edlia tem estreita rela\u00e7\u00e3o com a cidade, al\u00e9m dele ter nascido a poucos quil\u00f4metros dali.<\/span><\/p>\n<p style=\"text-align: justify;\"><span style=\"color: #888888;\">O organizador da comemora\u00e7\u00e3o confirmou que a prova e o show de Zanoni n\u00e3o tinham homologa\u00e7\u00e3o da CBM.<\/span><\/p>\n<p style=\"text-align: justify;\"><span style=\"color: #888888;\">&#8220;N\u00e3o teve nada. N\u00f3s n\u00e3o precisamos disso n\u00e3o. J\u00e1 faz dez anos que fazemos corridas por l\u00e1, e o pessoal sabe andar direitinho. N\u00e3o precisa nada n\u00e3o. O pessoal daqui faz tudo muito bem&#8221;, disse Wanderson Vitor, organizador da Festa da Primavera.<\/span><\/p>\n<p style=\"text-align: justify;\"><span style=\"color: #888888;\">A CBM, por sua vez, mostrou-se muito triste e consternada com o caso e afirmou que o evento era desconhecido para a entidade.<\/span><\/p>\n<p style=\"text-align: justify;\"><span style=\"color: #888888;\">&#8220;Estamos tentando colher informa\u00e7\u00f5es. Elas est\u00e3o chegando pela metade. Ainda n\u00e3o sabemos detalhes sobre o evento, se a Honda liberou ele para correr&#8230; Tudo isso \u00e9 muito triste pra gente. N\u00e3o tem nem explica\u00e7\u00e3o. Ele era muito humilde e sua fam\u00edlia muito \u00edntegra. Foi uma fatalidade&#8221;, disse o vice-presidente da CBM, Roberto Boettcher.<\/span><\/p>\n<p style=\"text-align: justify;\"><span style=\"color: #888888;\">O piloto estava fazendo uma exibi\u00e7\u00e3o de saltos quando, em uma aterrissagem mal sucedida, perdeu o controle de sua moto, foi jogado para frente e bateu de cabe\u00e7a no ch\u00e3o. A moto ricocheteou e bateu em palmeiras que estavam ao lado da pista. Zanoni morreu na hora por uma hemorragia na cabe\u00e7a. Ele n\u00e3o tinha sequer um osso quebrado no restante do corpo.<\/span><\/p>\n<p style=\"text-align: justify;\"><span style=\"color: #888888;\">O enterro de Swian Zanoni aconteceu na tarde desta segunda-feira \u00e0s 17h, em Divino (MG), sua terra natal.<\/span><\/p>\n<p style=\"text-align: justify;\"><strong><span style=\"color: #888888;\">Por: Click Carangola<\/span><\/strong><\/p>\n<\/div>\n","protected":false},"excerpt":{"rendered":"<p>Em um evento n\u00e3o homologado pela Confedera\u00e7\u00e3o Brasileira de Motociclismo (CBM) em Oriz\u00e2nia, Zona da Mata Mineira, o Brasil perdeu uma de suas maiores revela\u00e7\u00f5es no motocross: Swian Zanoni. O jovem de apenas 23 anos morreu quando fazia uma apresenta\u00e7\u00e3o na cidade. O evento foi em uma festa comemorativa da cidade, que, al\u00e9m de outras [&hellip;]<\/p>\n","protected":false},"author":2,"featured_media":0,"comment_status":"open","ping_status":"open","sticky":false,"template":"","format":"standard","meta":{"footnotes":""},"categories":[43,53,1],"tags":[],"class_list":["post-770","post","type-post","status-publish","format-standard","hentry","category-divino-mg","category-orizania-mg","category-regional"],"_links":{"self":[{"href":"https:\/\/clickcarangola.com.br\/site\/wp-json\/wp\/v2\/posts\/770","targetHints":{"allow":["GET"]}}],"collection":[{"href":"https:\/\/clickcarangola.com.br\/site\/wp-json\/wp\/v2\/posts"}],"about":[{"href":"https:\/\/clickcarangola.com.br\/site\/wp-json\/wp\/v2\/types\/post"}],"author":[{"embeddable":true,"href":"https:\/\/clickcarangola.com.br\/site\/wp-json\/wp\/v2\/users\/2"}],"replies":[{"embeddable":true,"href":"https:\/\/clickcarangola.com.br\/site\/wp-json\/wp\/v2\/comments?post=770"}],"version-history":[{"count":2,"href":"https:\/\/clickcarangola.com.br\/site\/wp-json\/wp\/v2\/posts\/770\/revisions"}],"predecessor-version":[{"id":772,"href":"https:\/\/clickcarangola.com.br\/site\/wp-json\/wp\/v2\/posts\/770\/revisions\/772"}],"wp:attachment":[{"href":"https:\/\/clickcarangola.com.br\/site\/wp-json\/wp\/v2\/media?parent=770"}],"wp:term":[{"taxonomy":"category","embeddable":true,"href":"https:\/\/clickcarangola.com.br\/site\/wp-json\/wp\/v2\/categories?post=770"},{"taxonomy":"post_tag","embeddable":true,"href":"https:\/\/clickcarangola.com.br\/site\/wp-json\/wp\/v2\/tags?post=770"}],"curies":[{"name":"wp","href":"https:\/\/api.w.org\/{rel}","templated":true}]}}