{"id":7723,"date":"2012-11-29T12:30:48","date_gmt":"2012-11-29T15:30:48","guid":{"rendered":"https:\/\/clickcarangola.com.br\/site\/?p=7723"},"modified":"2012-11-29T18:20:03","modified_gmt":"2012-11-29T21:20:03","slug":"i-forum-administrativo-empresarial-de-carangola","status":"publish","type":"post","link":"https:\/\/clickcarangola.com.br\/site\/29\/11\/2012\/i-forum-administrativo-empresarial-de-carangola\/","title":{"rendered":"I F\u00f3rum Administrativo &#038; Empresarial de Carangola"},"content":{"rendered":"<div><img loading=\"lazy\" decoding=\"async\" class=\"alignleft\" src=\"https:\/\/2.bp.blogspot.com\/-ireLMiHye48\/ULfKoW-yxoI\/AAAAAAAABFM\/IPRrReAK7Wc\/s320\/Sem+t%C3%ADtulo.jpg\" alt=\"\" width=\"200\" height=\"107\" border=\"0\" \/><\/div>\n<p style=\"text-align: justify;\"><span style=\"color: #888888;\">O Curso de Administra\u00e7\u00e3o das Faculdades Vale do Carangola promove no per\u00edodo de 26 a 30 de novembro de 2012, o &#8220;I F\u00f3rum Administrativo &amp; Empresarial de Carangola&#8221;.<\/span><\/p>\n<p style=\"text-align: justify;\"><span style=\"color: #888888;\">O F\u00f3rum trata-se de uma iniciativa dos professores do curso, que em conjunto buscam promover a melhoria da qualidade da forma\u00e7\u00e3o superior em administra\u00e7\u00e3o, bem como promover um encontro entre os estudantes e os empres\u00e1rios da regi\u00e3o.<!--more--><\/span><\/p>\n<p style=\"text-align: justify;\"><span style=\"color: #888888;\">Na noite desta quinta-feira (29), acontece a palestra<\/span> <span style=\"color: #888888;\">&#8220;<\/span><span style=\"color: #888888;\">Despertando e Redescobrindo o melhor de voc\u00ea para o sucesso e qualidade de vida&#8221;, ministrada pelo\u00a0Administrador de Empresas e MBA em Marketing,\u00a0Prof. M\u00e1rcio Yoschinaga.<\/span><\/p>\n<p style=\"text-align: justify;\"><span style=\"color: #888888;\">O\u00a0&#8220;I F\u00f3rum Administrativo &amp; Empresarial de Carangola&#8221; est\u00e1 sendo realizado no sal\u00e3o nobre da Favale\/UEMG.<\/span><\/p>\n<p style=\"text-align: justify;\" align=\"justify\"><span style=\"color: #ff0000;\">Confira algumas imagens do evento:<\/span><\/p>\n<p style=\"text-align: justify;\"><img loading=\"lazy\" decoding=\"async\" src=\"https:\/\/1.bp.blogspot.com\/-J3oGLhliPFU\/ULfJUzdR8fI\/AAAAAAAABEs\/r0dUDm_Teb4\/s320\/68000_312074908907772_2082496276_n.jpg\" alt=\"\" width=\"300\" height=\"226\" border=\"0\" \/><\/p>\n<p style=\"text-align: justify;\"><img loading=\"lazy\" decoding=\"async\" src=\"https:\/\/2.bp.blogspot.com\/-NaYqo2WGtcc\/ULfJXwmEaHI\/AAAAAAAABE0\/X48ak1RnMKg\/s320\/65047_312074658907797_217380658_n.jpg\" alt=\"\" width=\"300\" height=\"226\" border=\"0\" \/><\/p>\n<p style=\"text-align: justify;\"><img loading=\"lazy\" decoding=\"async\" src=\"https:\/\/2.bp.blogspot.com\/-IdlO-73LJNo\/ULfJaGc0kTI\/AAAAAAAABE8\/Pj-b6kuvDso\/s320\/156790_312074768907786_983677112_n.jpg\" alt=\"\" width=\"300\" height=\"226\" border=\"0\" \/><\/p>\n<p style=\"text-align: justify;\"><img loading=\"lazy\" decoding=\"async\" src=\"https:\/\/1.bp.blogspot.com\/-9uNH3nzOvrQ\/ULfJcPMzveI\/AAAAAAAABFE\/9C7lk9GqHwU\/s320\/481718_312074422241154_598468747_n.jpg\" alt=\"\" width=\"300\" height=\"226\" border=\"0\" \/><\/p>\n<p style=\"text-align: justify;\"><span style=\"color: #888888;\">Colabora\u00e7\u00e3o: Luiz Rodolfo Vieira.<\/span><\/p>\n<p style=\"text-align: justify;\"><span style=\"color: #ff0000;\"><span style=\"color: #808080;\">Por: Click Carangola | Sugest\u00f5es de pauta:<\/span> <a href=\"mailto:clickcarangola@gmail.com\">clickcarangola@gmail.com<\/a> <\/span><\/p>\n","protected":false},"excerpt":{"rendered":"<p>O Curso de Administra\u00e7\u00e3o das Faculdades Vale do Carangola promove no per\u00edodo de 26 a 30 de novembro de 2012, o &#8220;I F\u00f3rum Administrativo &amp; Empresarial de Carangola&#8221;. O F\u00f3rum trata-se de uma iniciativa dos professores do curso, que em conjunto buscam promover a melhoria da qualidade da forma\u00e7\u00e3o superior em administra\u00e7\u00e3o, bem como promover [&hellip;]<\/p>\n","protected":false},"author":2,"featured_media":0,"comment_status":"open","ping_status":"open","sticky":false,"template":"","format":"standard","meta":{"footnotes":""},"categories":[37],"tags":[],"class_list":["post-7723","post","type-post","status-publish","format-standard","hentry","category-carangola-mg"],"_links":{"self":[{"href":"https:\/\/clickcarangola.com.br\/site\/wp-json\/wp\/v2\/posts\/7723","targetHints":{"allow":["GET"]}}],"collection":[{"href":"https:\/\/clickcarangola.com.br\/site\/wp-json\/wp\/v2\/posts"}],"about":[{"href":"https:\/\/clickcarangola.com.br\/site\/wp-json\/wp\/v2\/types\/post"}],"author":[{"embeddable":true,"href":"https:\/\/clickcarangola.com.br\/site\/wp-json\/wp\/v2\/users\/2"}],"replies":[{"embeddable":true,"href":"https:\/\/clickcarangola.com.br\/site\/wp-json\/wp\/v2\/comments?post=7723"}],"version-history":[{"count":11,"href":"https:\/\/clickcarangola.com.br\/site\/wp-json\/wp\/v2\/posts\/7723\/revisions"}],"predecessor-version":[{"id":7734,"href":"https:\/\/clickcarangola.com.br\/site\/wp-json\/wp\/v2\/posts\/7723\/revisions\/7734"}],"wp:attachment":[{"href":"https:\/\/clickcarangola.com.br\/site\/wp-json\/wp\/v2\/media?parent=7723"}],"wp:term":[{"taxonomy":"category","embeddable":true,"href":"https:\/\/clickcarangola.com.br\/site\/wp-json\/wp\/v2\/categories?post=7723"},{"taxonomy":"post_tag","embeddable":true,"href":"https:\/\/clickcarangola.com.br\/site\/wp-json\/wp\/v2\/tags?post=7723"}],"curies":[{"name":"wp","href":"https:\/\/api.w.org\/{rel}","templated":true}]}}