{"id":774,"date":"2011-09-20T15:00:32","date_gmt":"2011-09-20T18:00:32","guid":{"rendered":"https:\/\/clickcarangola.com.br\/site\/?p=774"},"modified":"2011-09-21T18:22:27","modified_gmt":"2011-09-21T21:22:27","slug":"comecam-inscricoes-para-exames-supletivos-do-ensino-fundamental-e-medio","status":"publish","type":"post","link":"https:\/\/clickcarangola.com.br\/site\/20\/09\/2011\/comecam-inscricoes-para-exames-supletivos-do-ensino-fundamental-e-medio\/","title":{"rendered":"Come\u00e7am inscri\u00e7\u00f5es para exames supletivos do ensino fundamental e m\u00e9dio"},"content":{"rendered":"<p style=\"text-align: justify;\"><span style=\"color: #888888;\"><img loading=\"lazy\" decoding=\"async\" class=\"alignleft size-full wp-image-825\" title=\"Informa\u00e7\u00f5es: MGTV Panorama.\" src=\"https:\/\/clickcarangola.com.br\/site\/wp-content\/uploads\/2011\/09\/Supletivos.jpg\" alt=\"\" width=\"300\" height=\"225\" srcset=\"https:\/\/clickcarangola.com.br\/site\/wp-content\/uploads\/2011\/09\/Supletivos.jpg 300w, https:\/\/clickcarangola.com.br\/site\/wp-content\/uploads\/2011\/09\/Supletivos-100x75.jpg 100w\" sizes=\"auto, (max-width: 300px) 100vw, 300px\" \/>Os exames supletivos do ensino fundamental e m\u00e9dio \u2013 segundo semestre de 2011 j\u00e1 recebem inscri\u00e7\u00f5es. O candidato que busca certifica\u00e7\u00e3o de conclus\u00e3o para o ensino fundamental deve ter 15 anos completos, ou a completar, at\u00e9 18 de dezembro de 2011, data do t\u00e9rmino da realiza\u00e7\u00e3o das provas que comp\u00f5em o exame. J\u00e1 o candidato que deseja se certificar no ensino m\u00e9dio deve ter 18 anos completos, ou a completar, at\u00e9 a mesma data. As inscri\u00e7\u00f5es devem ser feitas at\u00e9 09 de outubro de 2011, pela internet, nos endere\u00e7os: www.educacao.mg.gov.br\/supletivo ou www.supletivomg.caedufjf.net. As provas ser\u00e3o realizadas nos dias 17 e 18 de dezembro de 2011.<\/span><\/p>\n<p style=\"text-align: justify;\"><span style=\"color: #888888;\"><strong>Inscri\u00e7\u00f5es<\/strong><\/span><\/p>\n<p style=\"text-align: justify;\"><span style=\"color: #888888;\">Para o preenchimento dos dados solicitados no formul\u00e1rio de inscri\u00e7\u00e3o o candidato precisa ter em m\u00e3os a Carteira de Identidade e o Cadastro de Pessoa F\u00edsica (CPF). No caso do candidato estrangeiro os documentos v\u00e1lidos s\u00e3o a Carteira de Estrangeiro ou Passaporte visado. O valor da taxa \u00e9 de R$ 6 por \u00e1rea de conhecimento pretendida. A taxa deve ser paga at\u00e9 10 de outubro nos bancos conveniados utilizando o boleto banc\u00e1rio emitido no ato da inscri\u00e7\u00e3o.<\/span><\/p>\n<p style=\"text-align: justify;\"><span style=\"color: #888888;\">As inscri\u00e7\u00f5es para os candidatos desempregados ser\u00e3o realizadas nos postos do Sistema Nacional de Empregos (Sine), no per\u00edodo de 19 a 30 de setembro. As Superintend\u00eancias Regionais de Ensino (SREs) de Carangola, Caxambu, Guanh\u00e3es, Manhua\u00e7u, Monte Carmelo e Nova Era dever\u00e3o efetuar as inscri\u00e7\u00f5es dos candidatos no mesmo per\u00edodo, pois esses munic\u00edpios n\u00e3o possuem postos do Sine. Os candidatos poder\u00e3o obter a isen\u00e7\u00e3o do pagamento da taxa em at\u00e9 duas \u00e1reas de conhecimento, ou seja, duas provas.<\/span><\/p>\n<p style=\"text-align: justify;\"><span style=\"color: #888888;\">No caso dos candidatos que cumprem medidas socioeducativas as inscri\u00e7\u00f5es ser\u00e3o efetuadas pelas pr\u00f3prias unidades prisionais, centros e associa\u00e7\u00f5es, de 19 de setembro a 07 de outubro. Os candidatos que n\u00e3o possuem acesso \u00e0 internet poder\u00e3o se inscrever nas superintend\u00eancias regionais de ensino.<\/span><\/p>\n<p style=\"text-align: justify;\"><span style=\"color: #888888;\">O candidato que, por motivos f\u00edsicos ou de sa\u00fade, estiver impossibilitado de se locomover at\u00e9 o local das provas deve informar essa condi\u00e7\u00e3o no momento da inscri\u00e7\u00e3o e solicitar atendimento especial, bem como aqueles que possuem alguma defici\u00eancia ou transtorno de desenvolvimento.<\/span><\/p>\n<p style=\"text-align: justify;\"><span style=\"color: #888888;\">Efetuada a inscri\u00e7\u00e3o o candidato tem at\u00e9 14 de outubro para fazer as corre\u00e7\u00f5es nos dados cadastrais. O comprovante definitivo de inscri\u00e7\u00e3o estar\u00e1 dispon\u00edvel a partir de 26 de outubro. No comprovante constar\u00e3o dados de inscri\u00e7\u00e3o, data, hor\u00e1rio e local de realiza\u00e7\u00e3o das provas.\u00a0 O edital e os programas de estudo tamb\u00e9m est\u00e3o dispon\u00edveis no site do supletivo.<\/span><\/p>\n<p style=\"text-align: justify;\"><span style=\"color: #888888;\"><strong>Isen\u00e7\u00e3o para os afetados pela greve<\/strong><\/span><\/p>\n<p style=\"text-align: justify;\"><span style=\"color: #888888;\">Em virtude da paralisa\u00e7\u00e3o parcial dos professores, a Secretaria de Estado de Educa\u00e7\u00e3o (SEE) autorizou a isen\u00e7\u00e3o da taxa de inscri\u00e7\u00e3o para alguns estudantes que fazem cursos da Educa\u00e7\u00e3o de Jovens e Adultos (EJA), na modalidade presencial, em escolas estaduais. Os alunos do 3\u00ba per\u00edodo do ensino fundamental e os alunos de 2\u00ba e 3\u00ba per\u00edodos do ensino m\u00e9dio do curso presencial do EJA est\u00e3o liberados de pagar a taxa.<\/span><\/p>\n<p style=\"text-align: justify;\"><span style=\"color: #888888;\">As superintend\u00eancias regionais de ensino ficar\u00e3o respons\u00e1veis pela inscri\u00e7\u00e3o desses estudantes, at\u00e9 07 de outubro, na pr\u00f3pria SRE. Os alunos poder\u00e3o se inscrever em quantas \u00e1reas do conhecimento quiserem, nos n\u00edveis em que est\u00e3o matriculados nas escolas. Para se inscreverem os jovens devem ter atingido a idade m\u00ednima de 15 anos para as provas de ensino fundamental e 18 para ensino m\u00e9dio.<\/span><\/p>\n<p style=\"text-align: justify;\"><span style=\"color: #888888;\"><strong>Provas<\/strong><\/span><\/p>\n<p style=\"text-align: justify;\"><span style=\"color: #888888;\">As provas ser\u00e3o aplicadas nos dias 17 e 18 de dezembro, das 8h \u00e0s 17h. Para os dois n\u00edveis de ensino (fundamental e m\u00e9dio) os exames ser\u00e3o compostos por quatro provas com 30 quest\u00f5es de m\u00faltipla escola cada para o ensino fundamental e 44 quest\u00f5es cada para o ensino m\u00e9dio. No ensino fundamental, as \u00e1reas de conhecimento avaliadas ser\u00e3o: Prova I (L\u00edngua Portuguesa, L\u00edngua Estrangeira Moderna &#8211; Ingl\u00eas, Arte, Educa\u00e7\u00e3o F\u00edsica e Reda\u00e7\u00e3o), Prova II (Matem\u00e1tica), Prova III (Hist\u00f3ria e Geografia) e Prova IV (Ci\u00eancias Naturais).<\/span><\/p>\n<p style=\"text-align: justify;\"><span style=\"color: #888888;\">No ensino m\u00e9dio, os candidatos tamb\u00e9m far\u00e3o provas em quatro \u00e1reas de conhecimento que s\u00e3o: Prova I (Linguagens, C\u00f3digos e suas Tecnologias e Reda\u00e7\u00e3o), Prova II (Matem\u00e1tica e suas tecnologias), Prova III (Ci\u00eancias Humanas e suas Tecnologias) e Prova IV (Ci\u00eancias da Natureza e suas Tecnologias). No caso da l\u00edngua estrangeira, o candidato poder\u00e1 fazer a op\u00e7\u00e3o por: Ingl\u00eas, Franc\u00eas ou Espanhol.<\/span><\/p>\n<p style=\"text-align: justify;\"><span style=\"color: #888888;\"><strong>Resultados<\/strong><\/span><\/p>\n<p style=\"text-align: justify;\"><span style=\"color: #888888;\">Os gabaritos ser\u00e3o divulgados no dia seguinte \u00e0 realiza\u00e7\u00e3o das provas. O candidato poder\u00e1 consult\u00e1-los nas p\u00e1ginas da Secretaria de Estado de Educa\u00e7\u00e3o e do Supletivo. J\u00e1 os resultados oficiais, via internet, ser\u00e3o divulgados a partir de 27 de janeiro de 2012. O candidato ser\u00e1 aprovado em cada \u00e1rea de conhecimento quando obtiver o m\u00ednimo de 50% dos pontos atribu\u00eddos a cada \u00e1rea.<\/span><span style=\"color: #888888;\">\u00a0<\/span><\/p>\n<p style=\"text-align: justify;\"><strong><span style=\"color: #888888;\">Por: Click Carangola<\/span><\/strong><\/p>\n<p>\u00bb Envie not\u00edcias, sugest\u00f5es, den\u00fancias, cr\u00edticas e pedidos para a nossa Reda\u00e7\u00e3o \u2013 <a href=\"mailto:clickcarangola@gmail.com\">clickcarangola@gmail.com<\/a><\/p>\n","protected":false},"excerpt":{"rendered":"<p>Os exames supletivos do ensino fundamental e m\u00e9dio \u2013 segundo semestre de 2011 j\u00e1 recebem inscri\u00e7\u00f5es. O candidato que busca certifica\u00e7\u00e3o de conclus\u00e3o para o ensino fundamental deve ter 15 anos completos, ou a completar, at\u00e9 18 de dezembro de 2011, data do t\u00e9rmino da realiza\u00e7\u00e3o das provas que comp\u00f5em o exame. J\u00e1 o candidato [&hellip;]<\/p>\n","protected":false},"author":2,"featured_media":0,"comment_status":"open","ping_status":"open","sticky":false,"template":"","format":"standard","meta":{"footnotes":""},"categories":[37,1],"tags":[],"class_list":["post-774","post","type-post","status-publish","format-standard","hentry","category-carangola-mg","category-regional"],"_links":{"self":[{"href":"https:\/\/clickcarangola.com.br\/site\/wp-json\/wp\/v2\/posts\/774","targetHints":{"allow":["GET"]}}],"collection":[{"href":"https:\/\/clickcarangola.com.br\/site\/wp-json\/wp\/v2\/posts"}],"about":[{"href":"https:\/\/clickcarangola.com.br\/site\/wp-json\/wp\/v2\/types\/post"}],"author":[{"embeddable":true,"href":"https:\/\/clickcarangola.com.br\/site\/wp-json\/wp\/v2\/users\/2"}],"replies":[{"embeddable":true,"href":"https:\/\/clickcarangola.com.br\/site\/wp-json\/wp\/v2\/comments?post=774"}],"version-history":[{"count":6,"href":"https:\/\/clickcarangola.com.br\/site\/wp-json\/wp\/v2\/posts\/774\/revisions"}],"predecessor-version":[{"id":776,"href":"https:\/\/clickcarangola.com.br\/site\/wp-json\/wp\/v2\/posts\/774\/revisions\/776"}],"wp:attachment":[{"href":"https:\/\/clickcarangola.com.br\/site\/wp-json\/wp\/v2\/media?parent=774"}],"wp:term":[{"taxonomy":"category","embeddable":true,"href":"https:\/\/clickcarangola.com.br\/site\/wp-json\/wp\/v2\/categories?post=774"},{"taxonomy":"post_tag","embeddable":true,"href":"https:\/\/clickcarangola.com.br\/site\/wp-json\/wp\/v2\/tags?post=774"}],"curies":[{"name":"wp","href":"https:\/\/api.w.org\/{rel}","templated":true}]}}