{"id":782,"date":"2011-09-20T17:00:53","date_gmt":"2011-09-20T20:00:53","guid":{"rendered":"https:\/\/clickcarangola.com.br\/site\/?p=782"},"modified":"2011-09-23T10:48:12","modified_gmt":"2011-09-23T13:48:12","slug":"prefeitura-de-carangola-lanca-concurso-para-249-vagas","status":"publish","type":"post","link":"https:\/\/clickcarangola.com.br\/site\/20\/09\/2011\/prefeitura-de-carangola-lanca-concurso-para-249-vagas\/","title":{"rendered":"Prefeitura de Carangola lan\u00e7a concurso para 249 vagas"},"content":{"rendered":"<p style=\"text-align: justify;\"><span style=\"color: #888888;\"><img loading=\"lazy\" decoding=\"async\" class=\"alignleft size-full wp-image-783\" title=\"Prefeitura de Carangola.\" src=\"https:\/\/clickcarangola.com.br\/site\/wp-content\/uploads\/2011\/09\/Prefeitura-de-Carangola.jpg\" alt=\"\" width=\"300\" height=\"225\" \/><\/span><\/p>\n<p style=\"text-align: justify;\"><span style=\"color: #888888;\">A Prefeitura de Carangola (MG), na Zona da Mata Mineira, est\u00e1 com edital aberto para o concurso p\u00fablico que oferece 249 vagas em todos os n\u00edveis de escolaridade com sal\u00e1rios de at\u00e9 R$4.800,00. As inscri\u00e7\u00f5es poder\u00e3o ser feitas no site <\/span><a href=\"https:\/\/www.idecan.org.br\/\" target=\"_blank\">www.idecan.org.br<\/a><span style=\"color: #888888;\">, a partir de 21 de novembro. As vagas s\u00e3o destinadas aos programas Vigil\u00e2ncia Epidemiol\u00f3gica \u2013 DENGUE, Estrat\u00e9gia de Sa\u00fade da Fam\u00edlia \u2013 ESF; N\u00facleo de Apoio \u00e0 Sa\u00fade da Fam\u00edlia \u2013 NASF; Centro de Aten\u00e7\u00e3o Psicossocial \u2013 CAPS AD (\u00e1lcool e drogas); CAPS I; Centro de Refer\u00eancia da Assist\u00eancia Social \u2013 CRAS e Centro de Refer\u00eancia Especializado da Assist\u00eancia Social \u2013 CREAS. Para fazer a inscri\u00e7\u00e3o presencialmente, os candidatos poder\u00e3o se dirigir \u00e0 Central de Atendimento ao Candidato do Idecan, que vai funcionar no Setor de Tributa\u00e7\u00e3o da Prefeitura Municipal (Pra\u00e7a Cel. Maximiano, 88, Centro, Carangola\/MG) nos dias \u00fateis das 9h \u00e0s 16h. As taxas de inscri\u00e7\u00e3o v\u00e3o de R$25 a R$50 conforme o cargo. Os vencimentos iniciais variam de R$545,00 a R$4.800,00 de acordo com a fun\u00e7\u00e3o exercida.<\/span><\/p>\n<p style=\"text-align: justify;\"><span style=\"color: #888888;\">As provas est\u00e3o previstas para o dia 15 de janeiro de 2012 (domingo), com exames pela manh\u00e3 e \u00e0 tarde. Haver\u00e1 tamb\u00e9m prova pr\u00e1tica para os cargos de Ajudante de Servi\u00e7os Gerais \u2013 CRAS, Ajudante de Servi\u00e7os Gerais \u2013 CREAS, Artes\u00e3o \u2013 CAPS AD, Auxiliar de Limpeza \u2013 CAPS AD, Auxiliar de Limpeza \u2013 ESF, Auxiliar de Servi\u00e7os Gerais \u2013 CAPS I, Auxiliar de Servi\u00e7os Gerais \u2013 Dengue, Cozinheiro \u2013 CAPS AD, Motorista \u2013 CAPS I, Motorista \u2013 Dengue e T\u00e9cnico Artes\u00e3o \u2013 CAPS I. Veja os cargos oferecidos em cada um dos programas:<\/span><\/p>\n<p style=\"text-align: justify;\"><span style=\"color: #888888;\"><strong>Vigil\u00e2ncia Epidemiol\u00f3gica<\/strong><\/span><\/p>\n<p style=\"text-align: justify;\"><span style=\"color: #888888;\">Para o programa Vigil\u00e2ncia Epidemiol\u00f3gica h\u00e1 vagas para Supervisor (Ensino M\u00e9dio, duas vagas), Agente de Endemias (Ensino Fundamental completo, 26 vagas), Auxiliar de Servi\u00e7os Gerais (Ensino Fundamental incompleto, uma vaga) e Motorista Carteira B (Ensino Fundamental incompleto, duas vagas).<\/span><\/p>\n<p style=\"text-align: justify;\"><span style=\"color: #888888;\"><strong>Estrat\u00e9gia de Sa\u00fade da Fam\u00edlia<\/strong><\/span><\/p>\n<p style=\"text-align: justify;\"><span style=\"color: #888888;\">Para o programa Estrat\u00e9gia da Fam\u00edlia h\u00e1 vagas para Dentista (10 vagas), Enfermeiro (10 vagas), M\u00e9dico (10 vagas), T\u00e9cnico de Enfermagem (10 vagas), T\u00e9cnico de Sa\u00fade Bucal (10 vagas), Auxiliar de Sa\u00fade Bucal (Ensino M\u00e9dio completo, 10 vagas), Agente Comunit\u00e1rio de Sa\u00fade (Ensino Fundamental completo, 83 vagas) e Auxiliar de Limpeza (Ensino Fundamental incompleto, cinco vagas).<\/span><\/p>\n<p style=\"text-align: justify;\"><span style=\"color: #888888;\"><strong>N\u00facleo de Apoio \u00e0 Sa\u00fade da Fam\u00edlia<\/strong><\/span><\/p>\n<p style=\"text-align: justify;\"><span style=\"color: #888888;\">O N\u00facleo de Apoio \u00e0 Sa\u00fade da Fam\u00edlia oferece vagas para Assistente Social (2), Farmac\u00eautico (1), Fisioterapeuta (2), Fonoaudi\u00f3logo (1), Nutricionista (2), Professor de Educa\u00e7\u00e3o F\u00edsica (2), Psic\u00f3logo (1), Terapeuta Ocupacional (1).<\/span><\/p>\n<p style=\"text-align: justify;\"><span style=\"color: #888888;\"><strong>Centro de Aten\u00e7\u00e3o Psicossocial \u2013 CAPS AD (\u00e1lcool e drogas)<\/strong><\/span><\/p>\n<p style=\"text-align: justify;\"><span style=\"color: #888888;\">H\u00e1 vagas para Assistente Social (1), Enfermeiro (1), Farmac\u00eautico (1), M\u00e9dico Cl\u00ednico (1), M\u00e9dico Psiquiatra (1), Psic\u00f3logo (1), T\u00e9cnico de Enfermagem (2), T\u00e9cnico Administrativo (Ensino M\u00e9dio completo, uma vaga), T\u00e9cnico Educacional (Ensino M\u00e9dio completo, uma vaga). Para o Ensino Fundamental incompleto h\u00e1 chances para Artes\u00e3o (1), Auxiliar de Limpeza (1), Cozinheiro (1), Porteiro (1) e Vigia (2).<strong>\u00a0<\/strong><\/span><\/p>\n<p style=\"text-align: justify;\"><span style=\"color: #888888;\"><strong>Centro de Aten\u00e7\u00e3o Psicossocial \u2013 CAPS I<\/strong><\/span><\/p>\n<p style=\"text-align: justify;\"><span style=\"color: #888888;\">Para o CAPS I h\u00e1 oportunidades para Assistente Social (1), Enfermeiro (1), Farmac\u00eautico (1), M\u00e9dico Neurologista (1), Psic\u00f3logo (1), Terapeuta Ocupacional (1), Educador F\u00edsico (1), T\u00e9cnico de Enfermagem (2), Agente Administrativo (Ensino M\u00e9dio completo, duas vagas). Para o Ensino Fundamental incompleto h\u00e1 chances para T\u00e9cnico Artes\u00e3o (1), Auxiliar de Servi\u00e7os Gerais (2), Motorista (1) e Vigia (2).<\/span><\/p>\n<p style=\"text-align: justify;\"><span style=\"color: #888888;\"><strong>Centro de Refer\u00eancia da Assist\u00eancia Social<\/strong><\/span><\/p>\n<p style=\"text-align: justify;\"><span style=\"color: #888888;\">No Centro de Refer\u00eancia da Assist\u00eancia Social h\u00e1 vagas para Assistente Social (2), Assistente Social (Coordena\u00e7\u00e3o, 2 vagas), Psic\u00f3logo (2), Agente Administrativo (Ensino M\u00e9dio completo, duas vagas) e Ajudante de Servi\u00e7os Gerais (Ensino Fundamental incompleto, 2 vagas).\u00a0<\/span><\/p>\n<p style=\"text-align: justify;\"><span style=\"color: #888888;\"><strong>Centro de Refer\u00eancia Especializado da Assist\u00eancia Social<\/strong><\/span><\/p>\n<p style=\"text-align: justify;\"><span style=\"color: #888888;\">Para o Centro de Refer\u00eancia Especializado da Assist\u00eancia Social os candidatos podem concorrer \u00e0s vagas de Advogado (1), Assistente Social (1), Assistente Social (Coordena\u00e7\u00e3o \u2013 1 vaga), Educador (2), Psic\u00f3logo (1), Agente Administrativo (Ensino M\u00e9dio completo, uma vaga) e Ajudante de Servi\u00e7os Gerais (Ensino Fundamental incompleto, 1 vaga).<\/span><\/p>\n<p style=\"text-align: justify;\"><span style=\"color: #888888;\">O concurso ainda oferece oportunidade para tr\u00eas vagas de Instrutor no Telecentro e quatro vagas de Agente Administrativo no Programa Bolsa Fam\u00edlia.<\/span><\/p>\n<p style=\"text-align: left;\"><span style=\"color: #888888;\">\u00bb Envie not\u00edcias, sugest\u00f5es, den\u00fancias, cr\u00edticas e pedidos para a nossa Reda\u00e7\u00e3o \u2013<\/span> <a href=\"mailto:clickcarangola@gmail.com\">clickcarangola@gmail.com<\/a><\/p>\n","protected":false},"excerpt":{"rendered":"<p>A Prefeitura de Carangola (MG), na Zona da Mata Mineira, est\u00e1 com edital aberto para o concurso p\u00fablico que oferece 249 vagas em todos os n\u00edveis de escolaridade com sal\u00e1rios de at\u00e9 R$4.800,00. As inscri\u00e7\u00f5es poder\u00e3o ser feitas no site www.idecan.org.br, a partir de 21 de novembro. As vagas s\u00e3o destinadas aos programas Vigil\u00e2ncia Epidemiol\u00f3gica [&hellip;]<\/p>\n","protected":false},"author":2,"featured_media":0,"comment_status":"open","ping_status":"open","sticky":false,"template":"","format":"standard","meta":{"footnotes":""},"categories":[37,1],"tags":[],"class_list":["post-782","post","type-post","status-publish","format-standard","hentry","category-carangola-mg","category-regional"],"_links":{"self":[{"href":"https:\/\/clickcarangola.com.br\/site\/wp-json\/wp\/v2\/posts\/782","targetHints":{"allow":["GET"]}}],"collection":[{"href":"https:\/\/clickcarangola.com.br\/site\/wp-json\/wp\/v2\/posts"}],"about":[{"href":"https:\/\/clickcarangola.com.br\/site\/wp-json\/wp\/v2\/types\/post"}],"author":[{"embeddable":true,"href":"https:\/\/clickcarangola.com.br\/site\/wp-json\/wp\/v2\/users\/2"}],"replies":[{"embeddable":true,"href":"https:\/\/clickcarangola.com.br\/site\/wp-json\/wp\/v2\/comments?post=782"}],"version-history":[{"count":14,"href":"https:\/\/clickcarangola.com.br\/site\/wp-json\/wp\/v2\/posts\/782\/revisions"}],"predecessor-version":[{"id":957,"href":"https:\/\/clickcarangola.com.br\/site\/wp-json\/wp\/v2\/posts\/782\/revisions\/957"}],"wp:attachment":[{"href":"https:\/\/clickcarangola.com.br\/site\/wp-json\/wp\/v2\/media?parent=782"}],"wp:term":[{"taxonomy":"category","embeddable":true,"href":"https:\/\/clickcarangola.com.br\/site\/wp-json\/wp\/v2\/categories?post=782"},{"taxonomy":"post_tag","embeddable":true,"href":"https:\/\/clickcarangola.com.br\/site\/wp-json\/wp\/v2\/tags?post=782"}],"curies":[{"name":"wp","href":"https:\/\/api.w.org\/{rel}","templated":true}]}}