{"id":800,"date":"2011-09-21T12:00:19","date_gmt":"2011-09-21T15:00:19","guid":{"rendered":"https:\/\/clickcarangola.com.br\/site\/?p=800"},"modified":"2011-09-21T17:28:47","modified_gmt":"2011-09-21T20:28:47","slug":"funcionarios-dos-correios-fazem-manifestacao-em-minas","status":"publish","type":"post","link":"https:\/\/clickcarangola.com.br\/site\/21\/09\/2011\/funcionarios-dos-correios-fazem-manifestacao-em-minas\/","title":{"rendered":"Funcion\u00e1rios dos Correios fazem manifesta\u00e7\u00e3o em Minas"},"content":{"rendered":"<p style=\"text-align: justify;\"><img loading=\"lazy\" decoding=\"async\" class=\"alignleft size-full wp-image-801\" title=\"Informa\u00e7\u00f5es: MGTV TV Integra\u00e7\u00e3o.\" src=\"https:\/\/clickcarangola.com.br\/site\/wp-content\/uploads\/2011\/09\/Correios.jpg\" alt=\"\" width=\"300\" height=\"225\" srcset=\"https:\/\/clickcarangola.com.br\/site\/wp-content\/uploads\/2011\/09\/Correios.jpg 300w, https:\/\/clickcarangola.com.br\/site\/wp-content\/uploads\/2011\/09\/Correios-100x75.jpg 100w\" sizes=\"auto, (max-width: 300px) 100vw, 300px\" \/><span style=\"color: #888888;\">Funcion\u00e1rios dos Correios fizeram na manh\u00e3 desta quarta-feira (21), uma manifesta\u00e7\u00e3o em Uberl\u00e2ndia. <\/span><span style=\"color: #888888;\">O protesto foi em frente \u00e0 ag\u00eancia da Rua Rivalino Pereira, no bairro Martins.<\/span><\/p>\n<p style=\"text-align: justify;\"><span style=\"color: #888888;\">A paralisa\u00e7\u00e3o em v\u00e1rias cidades come\u00e7ou no dia 14, mas em Uberl\u00e2ndia teve in\u00edcio na manh\u00e3 de hoje. Eles reivindicam aumento no n\u00famero de funcion\u00e1rios concursados, n\u00e3o privatiza\u00e7\u00e3o da empresa, aumento do piso para R$1.633 e recomposi\u00e7\u00e3o salarial de 24%.<\/span><\/p>\n<p style=\"text-align: justify;\"><span style=\"color: #888888;\">Segundo um dos representantes da associa\u00e7\u00e3o dos funcion\u00e1rios, Ant\u00f4nio Fernando da Silva, 30% dos funcion\u00e1rios dos Correios em Uberl\u00e2ndia n\u00e3o est\u00e3o trabalhando. Ele informou tamb\u00e9m, que o reflexo na entrega de correspond\u00eancias e encomendas \u00e9 imediato.<\/span><\/p>\n<p style=\"text-align: justify;\"><span style=\"color: #888888;\">A assessoria de imprensa dos Correios informou que est\u00e1 adotando algumas medidas para garantir o atendimento como realoca\u00e7\u00e3o de pessoal e realiza\u00e7\u00e3o de hora extra. Disse tamb\u00e9m que a m\u00e9dia de ades\u00e3o do estado \u00e9 menor que a nacional: 9,5%\u00a0 e que 82% das correspond\u00eancias est\u00e3o sendo entregues normalmente.<\/span><\/p>\n<p style=\"text-align: justify;\"><strong><span style=\"color: #888888;\">Por: Click Carangola<\/span><\/strong><\/p>\n<p>\u00bb Envie not\u00edcias, sugest\u00f5es, den\u00fancias, cr\u00edticas e pedidos para a nossa Reda\u00e7\u00e3o \u2013 <a href=\"mailto:clickcarangola@gmail.com\">clickcarangola@gmail.com<\/a><\/p>\n","protected":false},"excerpt":{"rendered":"<p>Funcion\u00e1rios dos Correios fizeram na manh\u00e3 desta quarta-feira (21), uma manifesta\u00e7\u00e3o em Uberl\u00e2ndia. O protesto foi em frente \u00e0 ag\u00eancia da Rua Rivalino Pereira, no bairro Martins. A paralisa\u00e7\u00e3o em v\u00e1rias cidades come\u00e7ou no dia 14, mas em Uberl\u00e2ndia teve in\u00edcio na manh\u00e3 de hoje. Eles reivindicam aumento no n\u00famero de funcion\u00e1rios concursados, n\u00e3o privatiza\u00e7\u00e3o [&hellip;]<\/p>\n","protected":false},"author":2,"featured_media":0,"comment_status":"open","ping_status":"open","sticky":false,"template":"","format":"standard","meta":{"footnotes":""},"categories":[1],"tags":[],"class_list":["post-800","post","type-post","status-publish","format-standard","hentry","category-regional"],"_links":{"self":[{"href":"https:\/\/clickcarangola.com.br\/site\/wp-json\/wp\/v2\/posts\/800","targetHints":{"allow":["GET"]}}],"collection":[{"href":"https:\/\/clickcarangola.com.br\/site\/wp-json\/wp\/v2\/posts"}],"about":[{"href":"https:\/\/clickcarangola.com.br\/site\/wp-json\/wp\/v2\/types\/post"}],"author":[{"embeddable":true,"href":"https:\/\/clickcarangola.com.br\/site\/wp-json\/wp\/v2\/users\/2"}],"replies":[{"embeddable":true,"href":"https:\/\/clickcarangola.com.br\/site\/wp-json\/wp\/v2\/comments?post=800"}],"version-history":[{"count":7,"href":"https:\/\/clickcarangola.com.br\/site\/wp-json\/wp\/v2\/posts\/800\/revisions"}],"predecessor-version":[{"id":815,"href":"https:\/\/clickcarangola.com.br\/site\/wp-json\/wp\/v2\/posts\/800\/revisions\/815"}],"wp:attachment":[{"href":"https:\/\/clickcarangola.com.br\/site\/wp-json\/wp\/v2\/media?parent=800"}],"wp:term":[{"taxonomy":"category","embeddable":true,"href":"https:\/\/clickcarangola.com.br\/site\/wp-json\/wp\/v2\/categories?post=800"},{"taxonomy":"post_tag","embeddable":true,"href":"https:\/\/clickcarangola.com.br\/site\/wp-json\/wp\/v2\/tags?post=800"}],"curies":[{"name":"wp","href":"https:\/\/api.w.org\/{rel}","templated":true}]}}