{"id":808,"date":"2011-09-21T11:40:25","date_gmt":"2011-09-21T14:40:25","guid":{"rendered":"https:\/\/clickcarangola.com.br\/site\/?p=808"},"modified":"2011-09-21T20:47:36","modified_gmt":"2011-09-21T23:47:36","slug":"juiz-de-fora-recebe-encontro-no-dia-nacional-da-luta-contra-a-deficiencia","status":"publish","type":"post","link":"https:\/\/clickcarangola.com.br\/site\/21\/09\/2011\/juiz-de-fora-recebe-encontro-no-dia-nacional-da-luta-contra-a-deficiencia\/","title":{"rendered":"Juiz de Fora recebe encontro no Dia Nacional da Luta Contra a Defici\u00eancia"},"content":{"rendered":"<p style=\"text-align: justify;\"><span style=\"color: #888888;\"><img loading=\"lazy\" decoding=\"async\" class=\"alignleft size-full wp-image-809\" title=\"Informa\u00e7\u00f5es: MGTV Panorama.\" src=\"https:\/\/clickcarangola.com.br\/site\/wp-content\/uploads\/2011\/09\/Luta-Contra-a-Defici\u00eancia.jpg\" alt=\"\" width=\"300\" height=\"225\" srcset=\"https:\/\/clickcarangola.com.br\/site\/wp-content\/uploads\/2011\/09\/Luta-Contra-a-Defici\u00eancia.jpg 300w, https:\/\/clickcarangola.com.br\/site\/wp-content\/uploads\/2011\/09\/Luta-Contra-a-Defici\u00eancia-100x75.jpg 100w\" sizes=\"auto, (max-width: 300px) 100vw, 300px\" \/>Nesta quarta-feira (21) \u00e9 comemorado o Dia Nacional da Luta Contra a Defici\u00eancia. Em Juiz de Fora, um encontro re\u00fane representantes das cidades de Barbacena, Cataguases e Santos Dumont. O objetivo \u00e9 discutir pol\u00edticas p\u00fablicas de inclus\u00e3o social e avaliar suas aplica\u00e7\u00f5es no estado e na regi\u00e3o.<\/span><\/p>\n<p style=\"text-align: justify;\"><span style=\"color: #888888;\">Os representantes de Cataguases discutiram problemas e melhorias em rela\u00e7\u00e3o \u00e0 acessibilidade. H\u00e1 motivos para comemorar, mas as a\u00e7\u00f5es nunca devem parar. Pessoas de outras cidades da regi\u00e3o, que possuem algum tipo de defici\u00eancia, tamb\u00e9m participam do evento.<\/span><\/p>\n<p style=\"text-align: justify;\"><span style=\"color: #888888;\">Nestes dois dias de debate o evento conta com a participa\u00e7\u00e3o de cerca de 150 pessoas. Elas discutem pol\u00edticas p\u00fablicas de inclus\u00e3o social e avaliam as aplica\u00e7\u00f5es na pr\u00e1tica. Ao final do encontro, uma carta com propostas ser\u00e1 encaminhada aos \u00f3rg\u00e3os gestores com a finalidade de que as medidas discutidas sejam implementadas, n\u00e3o s\u00f3 nas cidades da regi\u00e3o, mas no pa\u00eds.<\/span><\/p>\n<p style=\"text-align: justify;\"><strong><span style=\"color: #888888;\">Por: Click Carangola<\/span><\/strong><\/p>\n<p>\u00bb Envie not\u00edcias, sugest\u00f5es, den\u00fancias, cr\u00edticas e pedidos para a nossa Reda\u00e7\u00e3o \u2013 <a href=\"mailto:clickcarangola@gmail.com\">clickcarangola@gmail.com<\/a><\/p>\n","protected":false},"excerpt":{"rendered":"<p>Nesta quarta-feira (21) \u00e9 comemorado o Dia Nacional da Luta Contra a Defici\u00eancia. Em Juiz de Fora, um encontro re\u00fane representantes das cidades de Barbacena, Cataguases e Santos Dumont. O objetivo \u00e9 discutir pol\u00edticas p\u00fablicas de inclus\u00e3o social e avaliar suas aplica\u00e7\u00f5es no estado e na regi\u00e3o. Os representantes de Cataguases discutiram problemas e melhorias [&hellip;]<\/p>\n","protected":false},"author":2,"featured_media":0,"comment_status":"open","ping_status":"open","sticky":false,"template":"","format":"standard","meta":{"footnotes":""},"categories":[1],"tags":[],"class_list":["post-808","post","type-post","status-publish","format-standard","hentry","category-regional"],"_links":{"self":[{"href":"https:\/\/clickcarangola.com.br\/site\/wp-json\/wp\/v2\/posts\/808","targetHints":{"allow":["GET"]}}],"collection":[{"href":"https:\/\/clickcarangola.com.br\/site\/wp-json\/wp\/v2\/posts"}],"about":[{"href":"https:\/\/clickcarangola.com.br\/site\/wp-json\/wp\/v2\/types\/post"}],"author":[{"embeddable":true,"href":"https:\/\/clickcarangola.com.br\/site\/wp-json\/wp\/v2\/users\/2"}],"replies":[{"embeddable":true,"href":"https:\/\/clickcarangola.com.br\/site\/wp-json\/wp\/v2\/comments?post=808"}],"version-history":[{"count":7,"href":"https:\/\/clickcarangola.com.br\/site\/wp-json\/wp\/v2\/posts\/808\/revisions"}],"predecessor-version":[{"id":811,"href":"https:\/\/clickcarangola.com.br\/site\/wp-json\/wp\/v2\/posts\/808\/revisions\/811"}],"wp:attachment":[{"href":"https:\/\/clickcarangola.com.br\/site\/wp-json\/wp\/v2\/media?parent=808"}],"wp:term":[{"taxonomy":"category","embeddable":true,"href":"https:\/\/clickcarangola.com.br\/site\/wp-json\/wp\/v2\/categories?post=808"},{"taxonomy":"post_tag","embeddable":true,"href":"https:\/\/clickcarangola.com.br\/site\/wp-json\/wp\/v2\/tags?post=808"}],"curies":[{"name":"wp","href":"https:\/\/api.w.org\/{rel}","templated":true}]}}