{"id":8164,"date":"2013-01-02T06:30:15","date_gmt":"2013-01-02T09:30:15","guid":{"rendered":"https:\/\/clickcarangola.com.br\/site\/?p=8164"},"modified":"2013-01-05T10:17:47","modified_gmt":"2013-01-05T13:17:47","slug":"candidatos-eleitos-tomam-posse-em-carangola","status":"publish","type":"post","link":"https:\/\/clickcarangola.com.br\/site\/02\/01\/2013\/candidatos-eleitos-tomam-posse-em-carangola\/","title":{"rendered":"Candidatos eleitos tomam posse em Carangola"},"content":{"rendered":"<p style=\"text-align: justify;\"><span style=\"color: #888888;\"><img loading=\"lazy\" decoding=\"async\" class=\"alignleft\" src=\"https:\/\/3.bp.blogspot.com\/-Y673KCf0KMw\/UOPMsqQmB2I\/AAAAAAAD9sw\/oK2WKil_gz0\/s320\/IMG_7229.JPG\" alt=\"\" width=\"125\" height=\"125\" border=\"0\" \/>Na noite desta ter\u00e7a-feira, 01 de janeiro, a<\/span><span style=\"color: #888888;\">p\u00f3s uma Missa celebrada pelo padre Jamir, no Santu\u00e1rio de Santa Luzia, os vereadores eleitos, o prefeito Cezar Ricardo e o vice Flavinho tomaram posse numa cerim\u00f4nia realizada no Carangola T\u00eanis Clube.<\/span><\/p>\n<p style=\"text-align: justify;\"><span style=\"color: #888888;\">Eles estar\u00e3o \u00e0 frente da administra\u00e7\u00e3o da cidade pelos pr\u00f3ximos quatro anos.\u00a0<\/span><span style=\"color: #888888;\">Durante o evento, foi feita a elei\u00e7\u00e3o para a Mesa Diretora da C\u00e2mara Municipal de Carangola.<!--more--><\/span><\/p>\n<p style=\"text-align: justify;\"><span style=\"color: #888888;\">Venceu, por um voto de diferen\u00e7a (07\u00a0 X\u00a0 06), a chapa \u201cA\u201d, da coliga\u00e7\u00e3o do prefeito Cezar Ricardo, liderada pelo vereador Ot\u00e1vio Fonseca (Tat\u00e1 do Roberto) na presid\u00eancia, Leandro Silva na Vice, Candinho 1\u00ba Secret\u00e1rio e Joel Maia 2\u00ba Secret\u00e1rio. A chapa \u201cB\u201d, de oposi\u00e7\u00e3o, indicava o vereador Luciano Amaral na presid\u00eancia, Alu\u00edzio Toledo na Vice, Ronaldo Detetive 1\u00ba Secret\u00e1rio e Rivan 2\u00ba Secret\u00e1rio. Os vereadores Joel e Leandro, eleitos pelos Partidos de Patrick Neil e Paulo Pettersen, que fizeram oposi\u00e7\u00e3o \u00e0 Cezar Ricardo, viraram o jogo e deram a vit\u00f3ria \u00e0 chapa do vereador Tat\u00e1 do Roberto.<\/span><\/p>\n<p style=\"text-align: justify;\"><span style=\"color: #888888;\">Eleita a Mesa, o novo Presidente da C\u00e2mara, deu posse ao Prefeito Cezar Ricardo e ao vice, Fl\u00e1vio Queiroz, que tamb\u00e9m entregaram a declara\u00e7\u00e3o de bens e a diploma\u00e7\u00e3o.<\/span><\/p>\n<p style=\"text-align: justify;\"><span style=\"color: #888888;\">Em seu discurso de posse, o prefeito Cezar Ricardo destacou que toda realiza\u00e7\u00e3o deveria ser precedida de bel\u00edssimas prega\u00e7\u00f5es como fora feita pelo padre Jamir na missa realizada antes da solenidade. C\u00e9sar Ricardo encerrou dizendo que conta com o apoio da popula\u00e7\u00e3o para superar os problemas e encontrar solu\u00e7\u00f5es para Carangola.<\/span><\/p>\n<p style=\"text-align: justify;\"><span style=\"color: #ff0000;\">Confira as imagens:<\/span><\/p>\n<p style=\"text-align: justify;\"><img loading=\"lazy\" decoding=\"async\" src=\"https:\/\/3.bp.blogspot.com\/-Y673KCf0KMw\/UOPMsqQmB2I\/AAAAAAAD9sw\/oK2WKil_gz0\/s320\/IMG_7229.JPG\" alt=\"\" width=\"300\" height=\"226\" border=\"0\" \/><\/p>\n<p style=\"text-align: justify;\"><img loading=\"lazy\" decoding=\"async\" src=\"https:\/\/2.bp.blogspot.com\/-MHwEAz0OMw0\/UOPMzr4EiHI\/AAAAAAAD9uQ\/XzPPGqhzdPM\/s320\/IMG_7241.JPG\" alt=\"\" width=\"300\" height=\"226\" border=\"0\" \/><\/p>\n<p style=\"text-align: justify;\"><img loading=\"lazy\" decoding=\"async\" src=\"https:\/\/1.bp.blogspot.com\/-w61mcBhEgHE\/UOPNP2OWoGI\/AAAAAAAD9zw\/BjEjwduLylA\/s320\/IMG_7285.JPG\" alt=\"\" width=\"300\" height=\"226\" border=\"0\" \/><\/p>\n<p style=\"text-align: justify;\"><img loading=\"lazy\" decoding=\"async\" src=\"https:\/\/1.bp.blogspot.com\/-e4AbnYJ2sd0\/UOPNWV6BOnI\/AAAAAAAD91A\/FefcZBxCGM8\/s320\/IMG_7295.JPG\" alt=\"\" width=\"300\" height=\"226\" border=\"0\" \/><\/p>\n<p style=\"text-align: justify;\"><span style=\"color: #808080;\">Imagens: Blog O Combatente.<\/span><\/p>\n<p style=\"text-align: justify;\"><span style=\"color: #ff0000;\"><span style=\"color: #888888;\">Por: Click Carangola | Sugest\u00f5es de pauta:<\/span> <a href=\"mailto:clickcarangola@gmail.com\">clickcarangola@gmail.com<\/a><\/span><\/p>\n","protected":false},"excerpt":{"rendered":"<p>Na noite desta ter\u00e7a-feira, 01 de janeiro, ap\u00f3s uma Missa celebrada pelo padre Jamir, no Santu\u00e1rio de Santa Luzia, os vereadores eleitos, o prefeito Cezar Ricardo e o vice Flavinho tomaram posse numa cerim\u00f4nia realizada no Carangola T\u00eanis Clube. Eles estar\u00e3o \u00e0 frente da administra\u00e7\u00e3o da cidade pelos pr\u00f3ximos quatro anos.\u00a0Durante o evento, foi feita [&hellip;]<\/p>\n","protected":false},"author":2,"featured_media":0,"comment_status":"open","ping_status":"open","sticky":false,"template":"","format":"standard","meta":{"footnotes":""},"categories":[37],"tags":[],"class_list":["post-8164","post","type-post","status-publish","format-standard","hentry","category-carangola-mg"],"_links":{"self":[{"href":"https:\/\/clickcarangola.com.br\/site\/wp-json\/wp\/v2\/posts\/8164","targetHints":{"allow":["GET"]}}],"collection":[{"href":"https:\/\/clickcarangola.com.br\/site\/wp-json\/wp\/v2\/posts"}],"about":[{"href":"https:\/\/clickcarangola.com.br\/site\/wp-json\/wp\/v2\/types\/post"}],"author":[{"embeddable":true,"href":"https:\/\/clickcarangola.com.br\/site\/wp-json\/wp\/v2\/users\/2"}],"replies":[{"embeddable":true,"href":"https:\/\/clickcarangola.com.br\/site\/wp-json\/wp\/v2\/comments?post=8164"}],"version-history":[{"count":10,"href":"https:\/\/clickcarangola.com.br\/site\/wp-json\/wp\/v2\/posts\/8164\/revisions"}],"predecessor-version":[{"id":8175,"href":"https:\/\/clickcarangola.com.br\/site\/wp-json\/wp\/v2\/posts\/8164\/revisions\/8175"}],"wp:attachment":[{"href":"https:\/\/clickcarangola.com.br\/site\/wp-json\/wp\/v2\/media?parent=8164"}],"wp:term":[{"taxonomy":"category","embeddable":true,"href":"https:\/\/clickcarangola.com.br\/site\/wp-json\/wp\/v2\/categories?post=8164"},{"taxonomy":"post_tag","embeddable":true,"href":"https:\/\/clickcarangola.com.br\/site\/wp-json\/wp\/v2\/tags?post=8164"}],"curies":[{"name":"wp","href":"https:\/\/api.w.org\/{rel}","templated":true}]}}