{"id":828,"date":"2011-09-21T18:59:11","date_gmt":"2011-09-21T21:59:11","guid":{"rendered":"https:\/\/clickcarangola.com.br\/site\/?p=828"},"modified":"2011-09-21T20:49:06","modified_gmt":"2011-09-21T23:49:06","slug":"15-festa-do-produtor-rural-e-festa-da-paz-de-luisburgo","status":"publish","type":"post","link":"https:\/\/clickcarangola.com.br\/site\/21\/09\/2011\/15-festa-do-produtor-rural-e-festa-da-paz-de-luisburgo\/","title":{"rendered":"15\u00aa Festa do Produtor Rural e Festa da Paz de Luisburgo"},"content":{"rendered":"<p style=\"text-align: justify;\"><span style=\"color: #888888;\">Luisburgo\u00a0realiza de 22 a 25 de setembro de 2011\u00a0a 15\u00aa Festa do Produtor Rural\u00a0e Festa da Paz. \u00a0 J\u00e1 est\u00e3o confirmados os seguintes shows:<\/span><\/p>\n<p style=\"text-align: justify;\"><span style=\"color: #888888;\"><img loading=\"lazy\" decoding=\"async\" class=\"alignleft size-full wp-image-829\" title=\"Rosa\" src=\"https:\/\/clickcarangola.com.br\/site\/wp-content\/uploads\/2011\/09\/Rosa.jpg\" alt=\"\" width=\"300\" height=\"225\" \/><\/span><\/p>\n<p><span style=\"color: #888888;\">\u00a0<\/span><\/p>\n<p><span style=\"color: #888888;\">\u00a0<\/span><\/p>\n<p><span style=\"color: #888888;\">\u00a0<\/span><\/p>\n<p><span style=\"color: #888888;\">\u00a0<\/span><\/p>\n<p><span style=\"color: #888888;\">\u00a0<\/span><\/p>\n<p><span style=\"color: #888888;\">\u00a0<\/span><\/p>\n<p><span style=\"color: #888888;\">Quinta feira (22\/09) &#8211; Rosa de Saron.<\/span><\/p>\n<p><span style=\"color: #888888;\"><img loading=\"lazy\" decoding=\"async\" class=\"alignleft size-medium wp-image-830\" title=\"Andr\u00e9\" src=\"https:\/\/clickcarangola.com.br\/site\/wp-content\/uploads\/2011\/09\/Andr\u00e9-288x300.jpg\" alt=\"\" width=\"300\" height=\"225\" \/><\/span><\/p>\n<p><span style=\"color: #888888;\">\u00a0<\/span><\/p>\n<p><span style=\"color: #888888;\">\u00a0<\/span><\/p>\n<p><span style=\"color: #888888;\">\u00a0<\/span><\/p>\n<p><span style=\"color: #888888;\">\u00a0<\/span><\/p>\n<p><span style=\"color: #888888;\">\u00a0<\/span><\/p>\n<p><span style=\"color: #888888;\">\u00a0<\/span><\/p>\n<p><span style=\"color: #888888;\">Sexta-feira (23\/09) &#8211; Andr\u00e9 Valad\u00e3o.<\/span><\/p>\n<p><span style=\"color: #888888;\"><img loading=\"lazy\" decoding=\"async\" class=\"alignleft size-medium wp-image-831\" title=\"Z\u00e9\" src=\"https:\/\/clickcarangola.com.br\/site\/wp-content\/uploads\/2011\/09\/Z\u00e9-300x225.jpg\" alt=\"\" width=\"300\" height=\"225\" srcset=\"https:\/\/clickcarangola.com.br\/site\/wp-content\/uploads\/2011\/09\/Z\u00e9-300x225.jpg 300w, https:\/\/clickcarangola.com.br\/site\/wp-content\/uploads\/2011\/09\/Z\u00e9-100x75.jpg 100w, https:\/\/clickcarangola.com.br\/site\/wp-content\/uploads\/2011\/09\/Z\u00e9.jpg 400w\" sizes=\"auto, (max-width: 300px) 100vw, 300px\" \/><\/span><\/p>\n<p><span style=\"color: #888888;\">\u00a0<\/span><\/p>\n<p><span style=\"color: #888888;\">\u00a0<\/span><\/p>\n<p><span style=\"color: #888888;\">\u00a0<\/span><\/p>\n<p><span style=\"color: #888888;\">\u00a0<\/span><\/p>\n<p><span style=\"color: #888888;\">\u00a0<\/span><\/p>\n<p><span style=\"color: #888888;\">\u00a0<\/span><\/p>\n<p><span style=\"color: #888888;\">S\u00e1bado (24\/09) &#8211; Z\u00e9 Ramalho.<\/span><\/p>\n<p><img loading=\"lazy\" decoding=\"async\" class=\"alignleft size-medium wp-image-832\" title=\"Gino-e-Geno\" src=\"https:\/\/clickcarangola.com.br\/site\/wp-content\/uploads\/2011\/09\/Gino-e-Geno-300x199.jpg\" alt=\"\" width=\"300\" height=\"225\" \/><\/p>\n<p><span style=\"color: #888888;\">\u00a0<\/span><\/p>\n<p><span style=\"color: #888888;\">\u00a0<\/span><\/p>\n<p><span style=\"color: #888888;\">\u00a0<\/span><\/p>\n<p><span style=\"color: #888888;\">\u00a0<\/span><\/p>\n<p><span style=\"color: #888888;\">\u00a0<\/span><\/p>\n<p><span style=\"color: #888888;\">\u00a0<\/span><\/p>\n<p><span style=\"color: #888888;\">Domingo (25\/09) &#8211; Gino e Geno.<\/span><\/p>\n<p style=\"text-align: justify;\"><span style=\"color: #888888;\">A dupla promete trazer um repert\u00f3rio especial cantando seus\u00a0 inesquec\u00edveis \u00a0sucessos, nesses 35 anos \u00a0de carreira.<\/span><\/p>\n<p style=\"text-align: justify;\"><strong><span style=\"color: #888888;\">Por: Click Carangola<\/span><\/strong><\/p>\n<p>\u00bb Envie not\u00edcias, sugest\u00f5es, den\u00fancias, cr\u00edticas e pedidos para a nossa Reda\u00e7\u00e3o \u2013 <a href=\"mailto:clickcarangola@gmail.com\">clickcarangola@gmail.com<\/a><\/p>\n","protected":false},"excerpt":{"rendered":"<p>Luisburgo\u00a0realiza de 22 a 25 de setembro de 2011\u00a0a 15\u00aa Festa do Produtor Rural\u00a0e Festa da Paz. \u00a0 J\u00e1 est\u00e3o confirmados os seguintes shows: \u00a0 \u00a0 \u00a0 \u00a0 \u00a0 \u00a0 Quinta feira (22\/09) &#8211; Rosa de Saron. \u00a0 \u00a0 \u00a0 \u00a0 \u00a0 \u00a0 Sexta-feira (23\/09) &#8211; Andr\u00e9 Valad\u00e3o. \u00a0 \u00a0 \u00a0 \u00a0 \u00a0 \u00a0 S\u00e1bado [&hellip;]<\/p>\n","protected":false},"author":2,"featured_media":0,"comment_status":"open","ping_status":"open","sticky":false,"template":"","format":"standard","meta":{"footnotes":""},"categories":[1],"tags":[],"class_list":["post-828","post","type-post","status-publish","format-standard","hentry","category-regional"],"_links":{"self":[{"href":"https:\/\/clickcarangola.com.br\/site\/wp-json\/wp\/v2\/posts\/828","targetHints":{"allow":["GET"]}}],"collection":[{"href":"https:\/\/clickcarangola.com.br\/site\/wp-json\/wp\/v2\/posts"}],"about":[{"href":"https:\/\/clickcarangola.com.br\/site\/wp-json\/wp\/v2\/types\/post"}],"author":[{"embeddable":true,"href":"https:\/\/clickcarangola.com.br\/site\/wp-json\/wp\/v2\/users\/2"}],"replies":[{"embeddable":true,"href":"https:\/\/clickcarangola.com.br\/site\/wp-json\/wp\/v2\/comments?post=828"}],"version-history":[{"count":5,"href":"https:\/\/clickcarangola.com.br\/site\/wp-json\/wp\/v2\/posts\/828\/revisions"}],"predecessor-version":[{"id":834,"href":"https:\/\/clickcarangola.com.br\/site\/wp-json\/wp\/v2\/posts\/828\/revisions\/834"}],"wp:attachment":[{"href":"https:\/\/clickcarangola.com.br\/site\/wp-json\/wp\/v2\/media?parent=828"}],"wp:term":[{"taxonomy":"category","embeddable":true,"href":"https:\/\/clickcarangola.com.br\/site\/wp-json\/wp\/v2\/categories?post=828"},{"taxonomy":"post_tag","embeddable":true,"href":"https:\/\/clickcarangola.com.br\/site\/wp-json\/wp\/v2\/tags?post=828"}],"curies":[{"name":"wp","href":"https:\/\/api.w.org\/{rel}","templated":true}]}}