{"id":864,"date":"2011-09-21T19:00:10","date_gmt":"2011-09-21T22:00:10","guid":{"rendered":"https:\/\/clickcarangola.com.br\/site\/?p=864"},"modified":"2011-09-22T12:52:17","modified_gmt":"2011-09-22T15:52:17","slug":"juizes-realizam-paralisacao-nacional-para-reivindicar-melhores-condicoes-de-trabalho","status":"publish","type":"post","link":"https:\/\/clickcarangola.com.br\/site\/21\/09\/2011\/juizes-realizam-paralisacao-nacional-para-reivindicar-melhores-condicoes-de-trabalho\/","title":{"rendered":"Ju\u00edzes realizam paralisa\u00e7\u00e3o nacional para reivindicar melhores condi\u00e7\u00f5es de trabalho"},"content":{"rendered":"<p style=\"text-align: justify;\"><span style=\"color: #808080;\"><img loading=\"lazy\" decoding=\"async\" class=\"alignleft size-full wp-image-868\" title=\"Informa\u00e7\u00f5es: Megaminas.\" src=\"https:\/\/clickcarangola.com.br\/site\/wp-content\/uploads\/2011\/09\/Ju\u00edzes.jpg\" alt=\"\" width=\"300\" height=\"225\" srcset=\"https:\/\/clickcarangola.com.br\/site\/wp-content\/uploads\/2011\/09\/Ju\u00edzes.jpg 300w, https:\/\/clickcarangola.com.br\/site\/wp-content\/uploads\/2011\/09\/Ju\u00edzes-100x75.jpg 100w\" sizes=\"auto, (max-width: 300px) 100vw, 300px\" \/>Ju\u00edzes de todo o pa\u00eds pararam as atividades nesta quarta-feira (21). Em Juiz de Fora, os magistrados se reuniram para reivindicar melhores condi\u00e7\u00f5es de trabalho. No sal\u00e3o estava tudo pronto para o julgamento do r\u00e9u, mas as cadeiras do j\u00fari estavam vazias. Os 25 ju\u00edzes da Comarca da cidade e promotores do Minist\u00e9rio P\u00fablico Estadual se uniram ao movimento nacional para reivindicar melhores condi\u00e7\u00f5es de trabalho.<\/span><\/p>\n<p style=\"text-align: justify;\"><span style=\"color: #808080;\">Eles questionaram o repasse de verba, que \u00e9 de 6% para o judici\u00e1rio e at\u00e9 a falta de espa\u00e7o f\u00edsico. \u201cN\u00e3o se trata de greve, mas sim um questionamento sobre o trabalho\u201d, diz o juiz da 4\u00aa Vara Criminal, Jos\u00e9 Armando da Silveira. A Organiza\u00e7\u00e3o das Na\u00e7\u00f5es Unidas (ONU) recomenda 500 processos para cada juiz, contudo, segundo os pr\u00f3prios magistrados, esse n\u00famero \u00e9 dez vezes maior.<\/span><\/p>\n<p style=\"text-align: justify;\"><span style=\"color: #808080;\">Resultado: atraso na resolu\u00e7\u00e3o dos processos, agravado pela escassez de funcion\u00e1rios. Nas tr\u00eas varas da Justi\u00e7a Federal circulam 65 mil arquivos sob responsabilidade de seis ju\u00edzes. \u201cO trabalho fica muito sobrecarregado. Acabo tendo que levar para casa\u201d, conta a ju\u00edza federal titular, Maria Helena Alvim.<\/span><\/p>\n<p style=\"text-align: justify;\"><span style=\"color: #808080;\">A Justi\u00e7a Federal tamb\u00e9m paralisou as atividades hoje. Mais da metade dos servidores n\u00e3o trabalhou e uma poss\u00edvel greve foi anunciada para outubro. O julgamento citado no in\u00edcio desta reportagem, que seria realizado hoje, foi remarcado para sexta-feira (23).<\/span><\/p>\n<p style=\"text-align: justify;\"><strong><span style=\"color: #808080;\">Por: Click Carangola<\/span><\/strong><\/p>\n<p>\u00bb Envie not\u00edcias, sugest\u00f5es, den\u00fancias, cr\u00edticas e pedidos para a nossa Reda\u00e7\u00e3o \u2013 <a href=\"mailto:clickcarangola@gmail.com\">clickcarangola@gmail.com<\/a><\/p>\n","protected":false},"excerpt":{"rendered":"<p>Ju\u00edzes de todo o pa\u00eds pararam as atividades nesta quarta-feira (21). Em Juiz de Fora, os magistrados se reuniram para reivindicar melhores condi\u00e7\u00f5es de trabalho. No sal\u00e3o estava tudo pronto para o julgamento do r\u00e9u, mas as cadeiras do j\u00fari estavam vazias. Os 25 ju\u00edzes da Comarca da cidade e promotores do Minist\u00e9rio P\u00fablico Estadual [&hellip;]<\/p>\n","protected":false},"author":2,"featured_media":0,"comment_status":"open","ping_status":"open","sticky":false,"template":"","format":"standard","meta":{"footnotes":""},"categories":[1],"tags":[],"class_list":["post-864","post","type-post","status-publish","format-standard","hentry","category-regional"],"_links":{"self":[{"href":"https:\/\/clickcarangola.com.br\/site\/wp-json\/wp\/v2\/posts\/864","targetHints":{"allow":["GET"]}}],"collection":[{"href":"https:\/\/clickcarangola.com.br\/site\/wp-json\/wp\/v2\/posts"}],"about":[{"href":"https:\/\/clickcarangola.com.br\/site\/wp-json\/wp\/v2\/types\/post"}],"author":[{"embeddable":true,"href":"https:\/\/clickcarangola.com.br\/site\/wp-json\/wp\/v2\/users\/2"}],"replies":[{"embeddable":true,"href":"https:\/\/clickcarangola.com.br\/site\/wp-json\/wp\/v2\/comments?post=864"}],"version-history":[{"count":4,"href":"https:\/\/clickcarangola.com.br\/site\/wp-json\/wp\/v2\/posts\/864\/revisions"}],"predecessor-version":[{"id":866,"href":"https:\/\/clickcarangola.com.br\/site\/wp-json\/wp\/v2\/posts\/864\/revisions\/866"}],"wp:attachment":[{"href":"https:\/\/clickcarangola.com.br\/site\/wp-json\/wp\/v2\/media?parent=864"}],"wp:term":[{"taxonomy":"category","embeddable":true,"href":"https:\/\/clickcarangola.com.br\/site\/wp-json\/wp\/v2\/categories?post=864"},{"taxonomy":"post_tag","embeddable":true,"href":"https:\/\/clickcarangola.com.br\/site\/wp-json\/wp\/v2\/tags?post=864"}],"curies":[{"name":"wp","href":"https:\/\/api.w.org\/{rel}","templated":true}]}}