{"id":8680,"date":"2013-02-09T06:30:54","date_gmt":"2013-02-09T09:30:54","guid":{"rendered":"https:\/\/clickcarangola.com.br\/site\/?p=8680"},"modified":"2013-02-10T09:30:08","modified_gmt":"2013-02-10T12:30:08","slug":"novo-diretor-assume-a-emissora-de-tv-em-carangola","status":"publish","type":"post","link":"https:\/\/clickcarangola.com.br\/site\/09\/02\/2013\/novo-diretor-assume-a-emissora-de-tv-em-carangola\/","title":{"rendered":"Novo diretor assume a emissora de TV em Carangola"},"content":{"rendered":"<p><img loading=\"lazy\" decoding=\"async\" class=\"alignleft\" src=\"https:\/\/1.bp.blogspot.com\/-fepl6L410bg\/URaUxI1TRzI\/AAAAAAAABHE\/LeLuisPqXek\/s320\/TV.jpg\" alt=\"\" width=\"125\" height=\"125\" border=\"0\" \/><\/p>\n<p style=\"text-align: justify;\"><span style=\"color: #888888;\">Na \u00faltima sexta-feira, dia 08 de fevereiro, o canal de televis\u00e3o de Carangola deu mais um passo para a concretiza\u00e7\u00e3o de um sonho. O Jornalista Amarildo de Oliveira Netto, passou a assumir a fun\u00e7\u00e3o de diretor geral da emissora. O convite foi feito pelo presidente da Funda\u00e7\u00e3o Educativa Vale do Carangola, Celso Fidelis.<\/span><\/p>\n<p style=\"text-align: justify;\"><span style=\"color: #888888;\">O canal 42 local \u00e9 afiliado a Rede Minas e recebia o nome de TV Carangola. Que agora com a nova gest\u00e3o torna-se TV Cidade.<!--more--><\/span><\/p>\n<p style=\"text-align: justify;\"><span style=\"color: #888888;\">Por muitos anos Carangola possui esta emissora, por\u00e9m n\u00e3o houve ainda uma efetiva\u00e7\u00e3o por falta de recursos e m\u00e3o de obra especializada. A chegada de Oliveira \u00e9 para tornar isso poss\u00edvel. <\/span><\/p>\n<p style=\"text-align: justify;\"><span style=\"color: #888888;\">\u201cO meu objetivo \u00e9 fazer um trabalho voltado para a comunidade e com a comunidade, a popula\u00e7\u00e3o de Carangola precisa e merece uma TV que possa dar a voz e imagem deste povo t\u00e3o querido por mim\u201d, disse Amarildo.<\/span><\/p>\n<div style=\"text-align: justify;\"><span style=\"color: #888888;\">Oliveira Netto formou-se em Ub\u00e1-MG e l\u00e1 criou e coordenou o Grupo News, uma oficina de telejornalismo voltado para o aprendizado extra sala. O Grupo realizou muitos trabalhos e tem entre seus v\u00eddeos postados na internet, sucessos como &#8220;A era do r\u00e1dio nos anos 30&#8221; com mais de oito mil visualiza\u00e7\u00f5es.<\/span><\/div>\n<div style=\"text-align: justify;\">\n<p><span style=\"color: #888888;\">O jornalista informa que muito em breve a TV Cidade ter\u00e1 uma programa\u00e7\u00e3o com m\u00e9dia de duas horas por dia. \u201cCansei de ouvir falar que Carangola era a cidade do j\u00e1 teve. Est\u00e1 na hora de mudar isso. Junto com a popula\u00e7\u00e3o de Carangola vamos agora seguir a Carangola vai ter, \u00e9 isso que penso e tenho certeza que assim muitos pensam como eu. Aproveito e pe\u00e7o o apoio incondicional de todos de Carangola e principalmente da classe empresarial, o objetivo da Funda\u00e7\u00e3o \u00e9 divulgar a nossa cidade mostrando os erros para que seja acertado, mas principalmente dar destaque a nossa querida Carangola que tem muitas hist\u00f3rias para contar e certamente novas ainda est\u00e3o por vir\u201d, concluiu Oliveira.<\/span><\/p>\n<p><img loading=\"lazy\" decoding=\"async\" src=\"https:\/\/1.bp.blogspot.com\/-fepl6L410bg\/URaUxI1TRzI\/AAAAAAAABHE\/LeLuisPqXek\/s320\/TV.jpg\" alt=\"\" width=\"300\" height=\"226\" border=\"0\" \/><\/p>\n<p><span style=\"color: #ff0000;\">#Compartilhe Credibilidade!<\/span><\/p>\n<p style=\"text-align: justify;\"><span style=\"color: #888888;\">Por: Click Carangola | Sugest\u00f5es de pauta: <a href=\"mailto:clickcarangola@gmail.com\">clickcarangola@gmail.com<\/a><\/span><\/p>\n<\/div>\n","protected":false},"excerpt":{"rendered":"<p>Na \u00faltima sexta-feira, dia 08 de fevereiro, o canal de televis\u00e3o de Carangola deu mais um passo para a concretiza\u00e7\u00e3o de um sonho. O Jornalista Amarildo de Oliveira Netto, passou a assumir a fun\u00e7\u00e3o de diretor geral da emissora. O convite foi feito pelo presidente da Funda\u00e7\u00e3o Educativa Vale do Carangola, Celso Fidelis. O canal [&hellip;]<\/p>\n","protected":false},"author":2,"featured_media":0,"comment_status":"open","ping_status":"open","sticky":false,"template":"","format":"standard","meta":{"footnotes":""},"categories":[37],"tags":[],"class_list":["post-8680","post","type-post","status-publish","format-standard","hentry","category-carangola-mg"],"_links":{"self":[{"href":"https:\/\/clickcarangola.com.br\/site\/wp-json\/wp\/v2\/posts\/8680","targetHints":{"allow":["GET"]}}],"collection":[{"href":"https:\/\/clickcarangola.com.br\/site\/wp-json\/wp\/v2\/posts"}],"about":[{"href":"https:\/\/clickcarangola.com.br\/site\/wp-json\/wp\/v2\/types\/post"}],"author":[{"embeddable":true,"href":"https:\/\/clickcarangola.com.br\/site\/wp-json\/wp\/v2\/users\/2"}],"replies":[{"embeddable":true,"href":"https:\/\/clickcarangola.com.br\/site\/wp-json\/wp\/v2\/comments?post=8680"}],"version-history":[{"count":7,"href":"https:\/\/clickcarangola.com.br\/site\/wp-json\/wp\/v2\/posts\/8680\/revisions"}],"predecessor-version":[{"id":8693,"href":"https:\/\/clickcarangola.com.br\/site\/wp-json\/wp\/v2\/posts\/8680\/revisions\/8693"}],"wp:attachment":[{"href":"https:\/\/clickcarangola.com.br\/site\/wp-json\/wp\/v2\/media?parent=8680"}],"wp:term":[{"taxonomy":"category","embeddable":true,"href":"https:\/\/clickcarangola.com.br\/site\/wp-json\/wp\/v2\/categories?post=8680"},{"taxonomy":"post_tag","embeddable":true,"href":"https:\/\/clickcarangola.com.br\/site\/wp-json\/wp\/v2\/tags?post=8680"}],"curies":[{"name":"wp","href":"https:\/\/api.w.org\/{rel}","templated":true}]}}