{"id":8993,"date":"2013-03-19T08:00:45","date_gmt":"2013-03-19T11:00:45","guid":{"rendered":"https:\/\/clickcarangola.com.br\/site\/?p=8993"},"modified":"2013-03-19T11:15:54","modified_gmt":"2013-03-19T14:15:54","slug":"pastor-de-alto-caparao-e-localizado-em-cuiaba","status":"publish","type":"post","link":"https:\/\/clickcarangola.com.br\/site\/19\/03\/2013\/pastor-de-alto-caparao-e-localizado-em-cuiaba\/","title":{"rendered":"Pastor de Alto Capara\u00f3 \u00e9 localizado em Cuiab\u00e1"},"content":{"rendered":"<p style=\"text-align: justify;\"><span style=\"color: #888888;\"><img loading=\"lazy\" decoding=\"async\" class=\"alignleft\" src=\"https:\/\/www.portalcaparao.com.br\/fotos\/images\/Pastor%20Eduardo(1).jpg\" alt=\"\" width=\"125\" height=\"125\" \/>A hist\u00f3ria do desaparecimento do pastor Eduardo Pedroza, de Alto Capara\u00f3, caminha para um final feliz. A \u00faltima informa\u00e7\u00e3o \u00e9 de que ele fez contato com familiares e est\u00e1 em Cuiab\u00e1, no Mato Grosso.<\/span><\/p>\n<p style=\"text-align: justify;\"><span style=\"color: #888888;\">N\u00e3o foi detalhado como ele foi parar l\u00e1 e nem os motivos, apesar de se saber o momento dif\u00edcil de depress\u00e3o por qual ele passa. Familiares j\u00e1 est\u00e3o providenciando para busc\u00e1-lo.<!--more--><\/span><\/p>\n<p style=\"text-align: justify;\"><span style=\"color: #ff0000;\">Entenda a hist\u00f3ria<\/span><\/p>\n<p style=\"text-align: justify;\"><span style=\"color: #888888;\">Neste domingo, 17, Eduardo Pedroza deixou uma mensagem no facebook, informando onde o carro estava e dizendo que iria tirar um tempo para ele e que n\u00e3o era para o procurarem.<\/span><\/p>\n<p style=\"text-align: justify;\"><span style=\"color: #888888;\">Eduardo Pedroza encontrava-se desaparecido desde a manh\u00e3 de sexta-feira (15\/03). Familiares e amigos ficaram preocupados e buscaram informa\u00e7\u00f5es em toda a regi\u00e3o. Foram feitos diversos contatos nos hospitais, unidade de pronto-atendimento m\u00e9dico da regi\u00e3o e quart\u00e9is da Pol\u00edcia Militar na tentativa de localiz\u00e1-lo, por\u00e9m sem sucesso.<\/span><\/p>\n<p style=\"text-align: justify;\"><span style=\"color: #888888;\">O pastor foi visto pela \u00faltima vez na cidade de Manhua\u00e7u na condu\u00e7\u00e3o de seu ve\u00edculo Fiat\/Uno, ano 2002, placa GZW 9181\/ Manhumirim, cor vinho, 4 portas com um adesivo da 2\u00aa Igreja Batista no vidro traseiro.<\/span><\/p>\n<p style=\"text-align: justify;\"><span style=\"color: #888888;\">Na mensagem, no perfil que desativou no facebook, ele deixou escrito a indica\u00e7\u00e3o de que o carro estava num estacionamento particular no Centro de Manhua\u00e7u. O ve\u00edculo foi localizado.<\/span><\/p>\n<p style=\"text-align: justify;\"><span style=\"color: #888888;\">No texto, Eduardo Pedroza pedia que n\u00e3o se preocupem com ele, escolhessem outro l\u00edder para a Igreja e cuidassem da esposa dele.<\/span><\/p>\n<p style=\"text-align: justify;\"><span style=\"color: #888888;\">O Pastor Eduardo Pedroza \u00e9 presidente do COMAD de Alto Capara\u00f3, respons\u00e1vel pela 2\u00aa Igreja Batista, trabalha com dependentes qu\u00edmicos e \u00e9 muito querido em Alto Capara\u00f3. Com informa\u00e7\u00f5es dos familiares e do site portalcaparao.com.br.<\/span><\/p>\n<p style=\"text-align: justify;\"><span style=\"color: #ff0000;\">Confira as imagens:<\/span><\/p>\n<p style=\"text-align: justify;\"><span style=\"color: #888888;\"><img loading=\"lazy\" decoding=\"async\" src=\"https:\/\/www.portalcaparao.com.br\/fotos\/images\/Pastor%20Eduardo(1).jpg\" alt=\"\" width=\"300\" height=\"226\" \/><\/span><\/p>\n<p style=\"text-align: justify;\"><img decoding=\"async\" src=\"https:\/\/www.portalcaparao.com.br\/fotos\/images\/mensagem%20pastor%20eduardo.jpg\" alt=\"\" \/>\u00a0<\/p>\n<p style=\"text-align: justify;\"><span style=\"color: #ff0000;\"># Compartilhe Credibilidade!<\/span><\/p>\n<p style=\"text-align: justify;\"><span style=\"color: #888888;\">Por: Click Carangola | Sugest\u00f5es de pauta: <a href=\"mailto:clickcarangola@gmail.com\">clickcarangola@gmail.com<\/a> <\/span><\/p>\n","protected":false},"excerpt":{"rendered":"<p>A hist\u00f3ria do desaparecimento do pastor Eduardo Pedroza, de Alto Capara\u00f3, caminha para um final feliz. A \u00faltima informa\u00e7\u00e3o \u00e9 de que ele fez contato com familiares e est\u00e1 em Cuiab\u00e1, no Mato Grosso. N\u00e3o foi detalhado como ele foi parar l\u00e1 e nem os motivos, apesar de se saber o momento dif\u00edcil de depress\u00e3o [&hellip;]<\/p>\n","protected":false},"author":2,"featured_media":0,"comment_status":"open","ping_status":"open","sticky":false,"template":"","format":"standard","meta":{"footnotes":""},"categories":[39],"tags":[],"class_list":["post-8993","post","type-post","status-publish","format-standard","hentry","category-altocaparao-mg"],"_links":{"self":[{"href":"https:\/\/clickcarangola.com.br\/site\/wp-json\/wp\/v2\/posts\/8993","targetHints":{"allow":["GET"]}}],"collection":[{"href":"https:\/\/clickcarangola.com.br\/site\/wp-json\/wp\/v2\/posts"}],"about":[{"href":"https:\/\/clickcarangola.com.br\/site\/wp-json\/wp\/v2\/types\/post"}],"author":[{"embeddable":true,"href":"https:\/\/clickcarangola.com.br\/site\/wp-json\/wp\/v2\/users\/2"}],"replies":[{"embeddable":true,"href":"https:\/\/clickcarangola.com.br\/site\/wp-json\/wp\/v2\/comments?post=8993"}],"version-history":[{"count":5,"href":"https:\/\/clickcarangola.com.br\/site\/wp-json\/wp\/v2\/posts\/8993\/revisions"}],"predecessor-version":[{"id":8996,"href":"https:\/\/clickcarangola.com.br\/site\/wp-json\/wp\/v2\/posts\/8993\/revisions\/8996"}],"wp:attachment":[{"href":"https:\/\/clickcarangola.com.br\/site\/wp-json\/wp\/v2\/media?parent=8993"}],"wp:term":[{"taxonomy":"category","embeddable":true,"href":"https:\/\/clickcarangola.com.br\/site\/wp-json\/wp\/v2\/categories?post=8993"},{"taxonomy":"post_tag","embeddable":true,"href":"https:\/\/clickcarangola.com.br\/site\/wp-json\/wp\/v2\/tags?post=8993"}],"curies":[{"name":"wp","href":"https:\/\/api.w.org\/{rel}","templated":true}]}}