{"id":904,"date":"2011-09-22T10:15:56","date_gmt":"2011-09-22T13:15:56","guid":{"rendered":"https:\/\/clickcarangola.com.br\/site\/?p=904"},"modified":"2011-09-22T18:39:09","modified_gmt":"2011-09-22T21:39:09","slug":"juiz-de-fora-registra-reducao-nos-casos-de-gravidez-na-adolescencia","status":"publish","type":"post","link":"https:\/\/clickcarangola.com.br\/site\/22\/09\/2011\/juiz-de-fora-registra-reducao-nos-casos-de-gravidez-na-adolescencia\/","title":{"rendered":"Juiz de Fora registra redu\u00e7\u00e3o nos casos de gravidez na adolesc\u00eancia"},"content":{"rendered":"<p style=\"text-align: justify;\"><span style=\"color: #888888;\"><img loading=\"lazy\" decoding=\"async\" class=\"alignleft size-full wp-image-905\" title=\"Informa\u00e7\u00f5es: Megaminas.\" src=\"https:\/\/clickcarangola.com.br\/site\/wp-content\/uploads\/2011\/09\/Gravidez_01.jpg\" alt=\"\" width=\"300\" height=\"226\" srcset=\"https:\/\/clickcarangola.com.br\/site\/wp-content\/uploads\/2011\/09\/Gravidez_01.jpg 300w, https:\/\/clickcarangola.com.br\/site\/wp-content\/uploads\/2011\/09\/Gravidez_01-100x75.jpg 100w\" sizes=\"auto, (max-width: 300px) 100vw, 300px\" \/>A gravidez requer cuidados especiais, ainda mais em \u00e9pocas extremas, como \u00e9 o caso da adolesc\u00eancia. O corpo ainda n\u00e3o est\u00e1 formado e j\u00e1 est\u00e1 respons\u00e1vel pela gesta\u00e7\u00e3o de uma nova vida. Em Juiz de Fora, dados da Secretaria Municipal de Sa\u00fade apontam uma redu\u00e7\u00e3o no n\u00famero de partos de m\u00e3es adolescentes.<\/span><\/p>\n<p style=\"text-align: justify;\"><span style=\"color: #888888;\">O pequenino cora\u00e7\u00e3o batendo pode emocionar muitas mulheres e at\u00e9 mesmo uma menina de 15 anos. Agora a gravidez na adolesc\u00eancia \u00e9 s\u00f3 felicidade, mas no in\u00edcio a futura mam\u00e3e, que preferiu n\u00e3o se identificar, teve muito medo, principalmente de o namorado deix\u00e1-la. Mas segundo especialistas, o receio tamb\u00e9m pode ter outras causas, como a preocupa\u00e7\u00e3o com o parto. Por isso, a necessidade das consultas e das dicas de uma alimenta\u00e7\u00e3o saud\u00e1vel e principalmente do pr\u00e9-natal.<\/span><\/p>\n<p style=\"text-align: justify;\"><span style=\"color: #888888;\">Dados revelam uma queda no n\u00famero de partos feitos na cidade e no estado. Segundo o Minist\u00e9rio da Sa\u00fade, de 2000 a 2010 a redu\u00e7\u00e3o foi de 8,5% em Minas Gerais e 17% em Juiz de Fora.<\/span><\/p>\n<p style=\"text-align: justify;\"><span style=\"color: #888888;\"><img loading=\"lazy\" decoding=\"async\" class=\"alignleft size-full wp-image-906\" title=\"Informa\u00e7\u00f5es: Megaminas.\" src=\"https:\/\/clickcarangola.com.br\/site\/wp-content\/uploads\/2011\/09\/Gravidez_02.jpg\" alt=\"\" width=\"300\" height=\"226\" srcset=\"https:\/\/clickcarangola.com.br\/site\/wp-content\/uploads\/2011\/09\/Gravidez_02.jpg 300w, https:\/\/clickcarangola.com.br\/site\/wp-content\/uploads\/2011\/09\/Gravidez_02-100x75.jpg 100w\" sizes=\"auto, (max-width: 300px) 100vw, 300px\" \/>Os n\u00fameros podem diminuir com o passar dos anos, mas a gravidez na adolesc\u00eancia continua adiando o sonho de muitas jovens. Como \u00e9 o caso de outra jovem de Juiz de Fora. Aos 17 anos, gr\u00e1vida de cinco meses, ela tinha vontade de ser policial. A gravidez para ela n\u00e3o foi na hora certa. <\/span><\/p>\n<p style=\"text-align: justify;\"><span style=\"color: #888888;\">De acordo com o respons\u00e1vel do Departamento de Sa\u00fade da Crian\u00e7a e do Adolescente em Juiz de Fora, Ant\u00f4nio Aguiar, as campanhas realizadas t\u00eam ajudado na redu\u00e7\u00e3o. Para ele, hoje as causas de gravidez precoce podem ter algumas causas espec\u00edficas, como a influ\u00eancia do grupo ou a fam\u00edlia com pouca estrutura.<\/span><\/p>\n<p style=\"text-align: justify;\"><strong><span style=\"color: #888888;\">Por: Click Carangola<\/span><\/strong><\/p>\n<p>\u00bb Envie not\u00edcias, sugest\u00f5es, den\u00fancias, cr\u00edticas e pedidos para a nossa Reda\u00e7\u00e3o \u2013 <a href=\"mailto:clickcarangola@gmail.com\">clickcarangola@gmail.com<\/a><\/p>\n","protected":false},"excerpt":{"rendered":"<p>A gravidez requer cuidados especiais, ainda mais em \u00e9pocas extremas, como \u00e9 o caso da adolesc\u00eancia. O corpo ainda n\u00e3o est\u00e1 formado e j\u00e1 est\u00e1 respons\u00e1vel pela gesta\u00e7\u00e3o de uma nova vida. Em Juiz de Fora, dados da Secretaria Municipal de Sa\u00fade apontam uma redu\u00e7\u00e3o no n\u00famero de partos de m\u00e3es adolescentes. O pequenino cora\u00e7\u00e3o [&hellip;]<\/p>\n","protected":false},"author":2,"featured_media":0,"comment_status":"open","ping_status":"open","sticky":false,"template":"","format":"standard","meta":{"footnotes":""},"categories":[1],"tags":[],"class_list":["post-904","post","type-post","status-publish","format-standard","hentry","category-regional"],"_links":{"self":[{"href":"https:\/\/clickcarangola.com.br\/site\/wp-json\/wp\/v2\/posts\/904","targetHints":{"allow":["GET"]}}],"collection":[{"href":"https:\/\/clickcarangola.com.br\/site\/wp-json\/wp\/v2\/posts"}],"about":[{"href":"https:\/\/clickcarangola.com.br\/site\/wp-json\/wp\/v2\/types\/post"}],"author":[{"embeddable":true,"href":"https:\/\/clickcarangola.com.br\/site\/wp-json\/wp\/v2\/users\/2"}],"replies":[{"embeddable":true,"href":"https:\/\/clickcarangola.com.br\/site\/wp-json\/wp\/v2\/comments?post=904"}],"version-history":[{"count":5,"href":"https:\/\/clickcarangola.com.br\/site\/wp-json\/wp\/v2\/posts\/904\/revisions"}],"predecessor-version":[{"id":908,"href":"https:\/\/clickcarangola.com.br\/site\/wp-json\/wp\/v2\/posts\/904\/revisions\/908"}],"wp:attachment":[{"href":"https:\/\/clickcarangola.com.br\/site\/wp-json\/wp\/v2\/media?parent=904"}],"wp:term":[{"taxonomy":"category","embeddable":true,"href":"https:\/\/clickcarangola.com.br\/site\/wp-json\/wp\/v2\/categories?post=904"},{"taxonomy":"post_tag","embeddable":true,"href":"https:\/\/clickcarangola.com.br\/site\/wp-json\/wp\/v2\/tags?post=904"}],"curies":[{"name":"wp","href":"https:\/\/api.w.org\/{rel}","templated":true}]}}