{"id":916,"date":"2011-09-22T18:00:29","date_gmt":"2011-09-22T21:00:29","guid":{"rendered":"https:\/\/clickcarangola.com.br\/site\/?p=916"},"modified":"2011-09-22T21:16:27","modified_gmt":"2011-09-23T00:16:27","slug":"professores-fazem-marcha-funebre-em-protesto-na-almg","status":"publish","type":"post","link":"https:\/\/clickcarangola.com.br\/site\/22\/09\/2011\/professores-fazem-marcha-funebre-em-protesto-na-almg\/","title":{"rendered":"Professores fazem marcha f\u00fanebre em protesto na ALMG"},"content":{"rendered":"<p style=\"text-align: justify;\"><span style=\"color: #888888;\"><img loading=\"lazy\" decoding=\"async\" class=\"alignleft size-medium wp-image-917\" title=\"Informa\u00e7\u00f5es: G1.\" src=\"https:\/\/clickcarangola.com.br\/site\/wp-content\/uploads\/2011\/09\/Professores_01-300x217.jpg\" alt=\"\" width=\"300\" height=\"226\" \/>Professores da rede estadual de educa\u00e7\u00e3o realizaram uma marcha f\u00fanebre na manh\u00e3 desta quinta-feira (22) na Assembleia Legislativa de Minas Gerais (ALMG), na Regi\u00e3o Centro-Sul de Belo Horizonte. Durante o protesto, os servidores mostraram cartazes com o valor do piso proposto pelo Governo de MG e recusado pelos profissionais da categoria, que \u00e9 de R$ 712. De acordo com a ALMG, os manifestantes invadiram uma reuni\u00e3o conjunta das comiss\u00f5es de Seguran\u00e7a P\u00fablica e de Administra\u00e7\u00e3o P\u00fablica e da Comiss\u00e3o de Direitos Humanos.<\/span><\/p>\n<p style=\"text-align: justify;\"><span style=\"color: #888888;\">Nesta quarta-feira (21), os professores impediram a entrada dos deputados. <\/span><span style=\"color: #888888;\">Parte dos servidores est\u00e1 acampada em frente Assembleia e dois educadores est\u00e3o em greve de fome desde segunda-feira (19). A paralisa\u00e7\u00e3o da categoria come\u00e7ou no dia 8 de junho em Minas.<\/span><\/p>\n<p style=\"text-align: justify;\"><span style=\"color: #888888;\"><span style=\"color: #888888;\"><span style=\"color: #888888;\"><span style=\"color: #888888;\"><span style=\"color: #888888;\"><img loading=\"lazy\" decoding=\"async\" class=\"alignleft size-full wp-image-918\" title=\"Informa\u00e7\u00f5es: G1.\" src=\"https:\/\/clickcarangola.com.br\/site\/wp-content\/uploads\/2011\/09\/Professores_02.jpg\" alt=\"\" width=\"300\" height=\"226\" \/><\/span><\/span><\/span><\/span><\/span><\/p>\n<p style=\"text-align: justify;\"><span style=\"color: #888888;\">\u00a0<\/span><\/p>\n<p style=\"text-align: justify;\"><span style=\"color: #888888;\">\u00a0<\/span><\/p>\n<p style=\"text-align: justify;\"><span style=\"color: #888888;\">\u00a0<\/span><\/p>\n<p style=\"text-align: justify;\"><span style=\"color: #888888;\">\u00a0<\/span><\/p>\n<p style=\"text-align: justify;\"><span style=\"color: #888888;\">\u00a0<\/span><\/p>\n<p style=\"text-align: justify;\"><span style=\"color: #888888;\">\u00a0<\/span><\/p>\n<p style=\"text-align: justify;\"><span style=\"color: #888888;\">A Secretaria de Estado da Educa\u00e7\u00e3o disse que aguarda o retorno de todos os educadores ao trabalho, conforme determinado pela Justi\u00e7a. Na sexta-feira (16), o Tribunal de Justi\u00e7a de Minas Gerais concedeu liminar determinando a suspens\u00e3o imediata da greve.<\/span><\/p>\n<p style=\"text-align: justify;\"><span style=\"color: #888888;\"><strong>Recurso<\/strong><\/span><br \/>\n<span style=\"color: #888888;\">O TJMG confirmou nesta quarta-feira (21) que recebeu dois recursos protocolados pelo Sindicato \u00danico dos Trabalhadores em Educa\u00e7\u00e3o do estado (Sind-UTE\/MG). Um deles pede a reconsidera\u00e7\u00e3o do desembargador Rooney Oliveira sobre a liminar que determinou a volta imediata da categoria \u00e0s salas de aula.<\/span><\/p>\n<p style=\"text-align: justify;\"><span style=\"color: #888888;\">O tribunal confirmou tamb\u00e9m ter recebido um agravo regimental, recurso protocolado pelo Sind-UTE\/MG que pede a an\u00e1lise dos demais desembargadores da vara, caso Oliveira n\u00e3o derrube a liminar. Segundo a assessoria do tribunal, n\u00e3o h\u00e1 prazo definido para an\u00e1lise dos recursos.<\/span><\/p>\n<p style=\"text-align: justify;\"><span style=\"color: #888888;\"><strong>Entenda o caso<\/strong><\/span><br \/>\n<span style=\"color: #888888;\">Servidores da educa\u00e7\u00e3o de Minas Gerais est\u00e3o em greve desde o dia 8 de junho. A categoria reivindica piso salarial de R$ 1.597,87 para jornada de 24 horas e Ensino M\u00e9dio de escolaridade. De acordo com o sindicato que representa os servidores estaduais, o valor defendido segue c\u00e1lculo da Confedera\u00e7\u00e3o Nacional dos Trabalhadores de Educa\u00e7\u00e3o (CNTE). Para tentar dar fim \u00e0 greve, o sindicato j\u00e1 havia informado que admitiria discutir o piso de R$ 1.187, estabelecido pelo Minist\u00e9rio da Educa\u00e7\u00e3o (MEC).<\/span><\/p>\n<p style=\"text-align: justify;\"><span style=\"color: #888888;\">No dia 6 de setembro, o governador Antonio Anastasia encaminhou \u00e0 Assembleia Legislativa de Minas Gerais (ALMG) o Projeto de Lei n\u00famero 2.355\/11, que prev\u00ea mudan\u00e7as na pol\u00edtica salarial dos servidores da educa\u00e7\u00e3o do estado. A proposta define piso de R$ 712,20 para os professores da educa\u00e7\u00e3o que t\u00eam vencimento b\u00e1sico menor que este montante. As mudan\u00e7as na pol\u00edtica salarial dos servidores da educa\u00e7\u00e3o foram anunciadas no dia 23 de agosto. Se aprovado, o projeto entra em vigor em janeiro de 2012.<\/span><\/p>\n<p style=\"text-align: justify;\"><span style=\"color: #888888;\">De acordo com a Secretaria de Estado de Educa\u00e7\u00e3o, com a proposta, o governo atende \u00e0 determina\u00e7\u00e3o do Supremo Tribunal Federal (STF), que estabelece piso salarial nacional para professores da rede p\u00fablica no valor de R$ 1.187 para jornada de trabalho de 40 horas semanais. A secretaria diz que, como em Minas, os professores da educa\u00e7\u00e3o b\u00e1sica t\u00eam jornada semanal de 24 horas e a legisla\u00e7\u00e3o prev\u00ea a proporcionalidade, a aplica\u00e7\u00e3o do valor de R$ 712,20 como vencimento b\u00e1sico atende \u00e0 interpreta\u00e7\u00e3o da Lei Federal.<\/span><\/p>\n<p style=\"text-align: justify;\"><strong><span style=\"color: #888888;\">Por: Click Carangola<\/span><\/strong><\/p>\n<p>\u00bb Envie not\u00edcias, sugest\u00f5es, den\u00fancias, cr\u00edticas e pedidos para a nossa Reda\u00e7\u00e3o \u2013 <a href=\"mailto:clickcarangola@gmail.com\">clickcarangola@gmail.com<\/a><\/p>\n","protected":false},"excerpt":{"rendered":"<p>Professores da rede estadual de educa\u00e7\u00e3o realizaram uma marcha f\u00fanebre na manh\u00e3 desta quinta-feira (22) na Assembleia Legislativa de Minas Gerais (ALMG), na Regi\u00e3o Centro-Sul de Belo Horizonte. Durante o protesto, os servidores mostraram cartazes com o valor do piso proposto pelo Governo de MG e recusado pelos profissionais da categoria, que \u00e9 de R$ [&hellip;]<\/p>\n","protected":false},"author":2,"featured_media":0,"comment_status":"open","ping_status":"open","sticky":false,"template":"","format":"standard","meta":{"footnotes":""},"categories":[1],"tags":[],"class_list":["post-916","post","type-post","status-publish","format-standard","hentry","category-regional"],"_links":{"self":[{"href":"https:\/\/clickcarangola.com.br\/site\/wp-json\/wp\/v2\/posts\/916","targetHints":{"allow":["GET"]}}],"collection":[{"href":"https:\/\/clickcarangola.com.br\/site\/wp-json\/wp\/v2\/posts"}],"about":[{"href":"https:\/\/clickcarangola.com.br\/site\/wp-json\/wp\/v2\/types\/post"}],"author":[{"embeddable":true,"href":"https:\/\/clickcarangola.com.br\/site\/wp-json\/wp\/v2\/users\/2"}],"replies":[{"embeddable":true,"href":"https:\/\/clickcarangola.com.br\/site\/wp-json\/wp\/v2\/comments?post=916"}],"version-history":[{"count":5,"href":"https:\/\/clickcarangola.com.br\/site\/wp-json\/wp\/v2\/posts\/916\/revisions"}],"predecessor-version":[{"id":920,"href":"https:\/\/clickcarangola.com.br\/site\/wp-json\/wp\/v2\/posts\/916\/revisions\/920"}],"wp:attachment":[{"href":"https:\/\/clickcarangola.com.br\/site\/wp-json\/wp\/v2\/media?parent=916"}],"wp:term":[{"taxonomy":"category","embeddable":true,"href":"https:\/\/clickcarangola.com.br\/site\/wp-json\/wp\/v2\/categories?post=916"},{"taxonomy":"post_tag","embeddable":true,"href":"https:\/\/clickcarangola.com.br\/site\/wp-json\/wp\/v2\/tags?post=916"}],"curies":[{"name":"wp","href":"https:\/\/api.w.org\/{rel}","templated":true}]}}