{"id":922,"date":"2011-09-22T18:40:32","date_gmt":"2011-09-22T21:40:32","guid":{"rendered":"https:\/\/clickcarangola.com.br\/site\/?p=922"},"modified":"2011-09-22T21:41:40","modified_gmt":"2011-09-23T00:41:40","slug":"aeroporto-regional-da-zona-da-mata-completa-um-mes-de-funcionamento","status":"publish","type":"post","link":"https:\/\/clickcarangola.com.br\/site\/22\/09\/2011\/aeroporto-regional-da-zona-da-mata-completa-um-mes-de-funcionamento\/","title":{"rendered":"Aeroporto Regional da Zona da Mata completa um m\u00eas de funcionamento"},"content":{"rendered":"<p style=\"text-align: justify;\"><span style=\"color: #888888;\"><img loading=\"lazy\" decoding=\"async\" class=\"alignleft size-full wp-image-923\" title=\"Informa\u00e7\u00f5es: Megaminas.com\" src=\"https:\/\/clickcarangola.com.br\/site\/wp-content\/uploads\/2011\/09\/Aeroporto-Regional.jpg\" alt=\"\" width=\"300\" height=\"226\" srcset=\"https:\/\/clickcarangola.com.br\/site\/wp-content\/uploads\/2011\/09\/Aeroporto-Regional.jpg 300w, https:\/\/clickcarangola.com.br\/site\/wp-content\/uploads\/2011\/09\/Aeroporto-Regional-100x75.jpg 100w\" sizes=\"auto, (max-width: 300px) 100vw, 300px\" \/>O Aeroporto Regional da Zona da Mata completa nesta quinta-feira (22) um m\u00eas de funcionamento. Com autoriza\u00e7\u00e3o para voos noturnos, a expectativa agora \u00e9 para a internacionaliza\u00e7\u00e3o do terminal. Os funcion\u00e1rios entraram na rotina e os passageiros tamb\u00e9m. At\u00e9 hoje, mais de 3.200 pessoas passaram pelo aeroporto.<\/span><\/p>\n<p style=\"text-align: justify;\"><span style=\"color: #888888;\">O \u00fanico voo dispon\u00edvel por enquanto est\u00e1 com uma taxa m\u00e9dia de 85% de ocupa\u00e7\u00e3o. O movimento \u00e9 bem diferente daquele registrado no dia 22 de agosto, quando a aeronave da Azul Linhas A\u00e9reas n\u00e3o pousou por falta de teto.<\/span><\/p>\n<p style=\"text-align: justify;\"><span style=\"color: #888888;\">Nessa quarta-feira (21) foram divulgados novos hor\u00e1rios de voos, incluindo um noturno. O traslado at\u00e9 a rodovi\u00e1ria de Juiz de Fora continua valendo, em hor\u00e1rios espec\u00edficos. Os instrumentos que auxiliam o pouso em situa\u00e7\u00f5es de pouca visibilidade j\u00e1 foram aprovados. E um outro objetivo inicial do aeroporto n\u00e3o foi esquecido: o transporte de cargas. Para isso, \u00e9 preciso usar toda a extens\u00e3o da pista, que hoje est\u00e1 em 70% da capacidade. Falta ainda a retirada de um morro na cabeceira.<\/span><\/p>\n<p style=\"text-align: justify;\"><span style=\"color: #888888;\">As obras tiveram in\u00edcio h\u00e1 quase um ano e devem ser retomadas. As aeronaves de maior porte precisam de mais espa\u00e7o. Dessa forma, o aeroporto caminha para um processo de internacionaliza\u00e7\u00e3o. De acordo com a Secretaria de Transporte e Obras P\u00fablicas a retirada parcial do morro j\u00e1 foi terminada, o que viabilizou os voos noturnos. J\u00e1 a retirada completa est\u00e1 em estudo.<\/span><\/p>\n<p style=\"text-align: justify;\"><strong><span style=\"color: #888888;\">Por: Click Carangola<\/span><\/strong><\/p>\n<p>\u00bb Envie not\u00edcias, sugest\u00f5es, den\u00fancias, cr\u00edticas e pedidos para a nossa Reda\u00e7\u00e3o \u2013 <a href=\"mailto:clickcarangola@gmail.com\">clickcarangola@gmail.com<\/a><\/p>\n","protected":false},"excerpt":{"rendered":"<p>O Aeroporto Regional da Zona da Mata completa nesta quinta-feira (22) um m\u00eas de funcionamento. Com autoriza\u00e7\u00e3o para voos noturnos, a expectativa agora \u00e9 para a internacionaliza\u00e7\u00e3o do terminal. Os funcion\u00e1rios entraram na rotina e os passageiros tamb\u00e9m. At\u00e9 hoje, mais de 3.200 pessoas passaram pelo aeroporto. O \u00fanico voo dispon\u00edvel por enquanto est\u00e1 com [&hellip;]<\/p>\n","protected":false},"author":2,"featured_media":0,"comment_status":"open","ping_status":"open","sticky":false,"template":"","format":"standard","meta":{"footnotes":""},"categories":[1],"tags":[],"class_list":["post-922","post","type-post","status-publish","format-standard","hentry","category-regional"],"_links":{"self":[{"href":"https:\/\/clickcarangola.com.br\/site\/wp-json\/wp\/v2\/posts\/922","targetHints":{"allow":["GET"]}}],"collection":[{"href":"https:\/\/clickcarangola.com.br\/site\/wp-json\/wp\/v2\/posts"}],"about":[{"href":"https:\/\/clickcarangola.com.br\/site\/wp-json\/wp\/v2\/types\/post"}],"author":[{"embeddable":true,"href":"https:\/\/clickcarangola.com.br\/site\/wp-json\/wp\/v2\/users\/2"}],"replies":[{"embeddable":true,"href":"https:\/\/clickcarangola.com.br\/site\/wp-json\/wp\/v2\/comments?post=922"}],"version-history":[{"count":3,"href":"https:\/\/clickcarangola.com.br\/site\/wp-json\/wp\/v2\/posts\/922\/revisions"}],"predecessor-version":[{"id":945,"href":"https:\/\/clickcarangola.com.br\/site\/wp-json\/wp\/v2\/posts\/922\/revisions\/945"}],"wp:attachment":[{"href":"https:\/\/clickcarangola.com.br\/site\/wp-json\/wp\/v2\/media?parent=922"}],"wp:term":[{"taxonomy":"category","embeddable":true,"href":"https:\/\/clickcarangola.com.br\/site\/wp-json\/wp\/v2\/categories?post=922"},{"taxonomy":"post_tag","embeddable":true,"href":"https:\/\/clickcarangola.com.br\/site\/wp-json\/wp\/v2\/tags?post=922"}],"curies":[{"name":"wp","href":"https:\/\/api.w.org\/{rel}","templated":true}]}}