{"id":953,"date":"2011-09-23T10:46:32","date_gmt":"2011-09-23T13:46:32","guid":{"rendered":"https:\/\/clickcarangola.com.br\/site\/?p=953"},"modified":"2011-09-23T10:46:32","modified_gmt":"2011-09-23T13:46:32","slug":"aeroporto-de-uberlandia-sera-ampliado-para-a-copa-de-2014","status":"publish","type":"post","link":"https:\/\/clickcarangola.com.br\/site\/23\/09\/2011\/aeroporto-de-uberlandia-sera-ampliado-para-a-copa-de-2014\/","title":{"rendered":"Aeroporto de Uberl\u00e2ndia ser\u00e1 ampliado para a Copa de 2014"},"content":{"rendered":"<p style=\"text-align: justify;\"><span style=\"color: #888888;\"><img loading=\"lazy\" decoding=\"async\" class=\"alignleft size-medium wp-image-954\" title=\"Aeroporto de Uberl\u00e2ndia.\" src=\"https:\/\/clickcarangola.com.br\/site\/wp-content\/uploads\/2011\/09\/Aeroporto-de-Uberl\u00e2ndia-300x180.jpg\" alt=\"\" width=\"300\" height=\"226\" \/>O aeroporto de Uberl\u00e2ndia vai ser ampliado para a Copa de 2014. O an\u00fancio foi feito nesta quinta-feira (22), em Bras\u00edlia, pelo presidente da Infraero, Ant\u00f4nio Gustavo Matos, em audi\u00eancia com o deputado federal Gilmar Machado. Al\u00e9m da amplia\u00e7\u00e3o da pista e a constru\u00e7\u00e3o de um terminal de cargas, o projeto prev\u00ea a constru\u00e7\u00e3o de um terminal de passageiros com rampas de acesso para embarque e desembarque. At\u00e9 o momento mais de R$10 milh\u00f5es do governo federal foram investidos no terminal com diversas obras, al\u00e9m da aquisi\u00e7\u00e3o do ILS, que est\u00e1 em fase de testes.<\/span><\/p>\n<p style=\"text-align: justify;\"><strong><span style=\"color: #888888;\">Por: Click Carangola<\/span><\/strong><\/p>\n<p>\u00bb Envie not\u00edcias, sugest\u00f5es, den\u00fancias, cr\u00edticas e pedidos para a nossa Reda\u00e7\u00e3o \u2013 <a href=\"mailto:clickcarangola@gmail.com\">clickcarangola@gmail.com<\/a><\/p>\n","protected":false},"excerpt":{"rendered":"<p>O aeroporto de Uberl\u00e2ndia vai ser ampliado para a Copa de 2014. O an\u00fancio foi feito nesta quinta-feira (22), em Bras\u00edlia, pelo presidente da Infraero, Ant\u00f4nio Gustavo Matos, em audi\u00eancia com o deputado federal Gilmar Machado. Al\u00e9m da amplia\u00e7\u00e3o da pista e a constru\u00e7\u00e3o de um terminal de cargas, o projeto prev\u00ea a constru\u00e7\u00e3o de [&hellip;]<\/p>\n","protected":false},"author":2,"featured_media":0,"comment_status":"open","ping_status":"open","sticky":false,"template":"","format":"standard","meta":{"footnotes":""},"categories":[1],"tags":[],"class_list":["post-953","post","type-post","status-publish","format-standard","hentry","category-regional"],"_links":{"self":[{"href":"https:\/\/clickcarangola.com.br\/site\/wp-json\/wp\/v2\/posts\/953","targetHints":{"allow":["GET"]}}],"collection":[{"href":"https:\/\/clickcarangola.com.br\/site\/wp-json\/wp\/v2\/posts"}],"about":[{"href":"https:\/\/clickcarangola.com.br\/site\/wp-json\/wp\/v2\/types\/post"}],"author":[{"embeddable":true,"href":"https:\/\/clickcarangola.com.br\/site\/wp-json\/wp\/v2\/users\/2"}],"replies":[{"embeddable":true,"href":"https:\/\/clickcarangola.com.br\/site\/wp-json\/wp\/v2\/comments?post=953"}],"version-history":[{"count":2,"href":"https:\/\/clickcarangola.com.br\/site\/wp-json\/wp\/v2\/posts\/953\/revisions"}],"predecessor-version":[{"id":956,"href":"https:\/\/clickcarangola.com.br\/site\/wp-json\/wp\/v2\/posts\/953\/revisions\/956"}],"wp:attachment":[{"href":"https:\/\/clickcarangola.com.br\/site\/wp-json\/wp\/v2\/media?parent=953"}],"wp:term":[{"taxonomy":"category","embeddable":true,"href":"https:\/\/clickcarangola.com.br\/site\/wp-json\/wp\/v2\/categories?post=953"},{"taxonomy":"post_tag","embeddable":true,"href":"https:\/\/clickcarangola.com.br\/site\/wp-json\/wp\/v2\/tags?post=953"}],"curies":[{"name":"wp","href":"https:\/\/api.w.org\/{rel}","templated":true}]}}