{"id":9587,"date":"2013-05-20T06:30:06","date_gmt":"2013-05-20T09:30:06","guid":{"rendered":"https:\/\/clickcarangola.com.br\/site\/?p=9587"},"modified":"2013-05-20T10:22:59","modified_gmt":"2013-05-20T13:22:59","slug":"motos-batem-de-frente-e-uma-pessoa-morre","status":"publish","type":"post","link":"https:\/\/clickcarangola.com.br\/site\/20\/05\/2013\/motos-batem-de-frente-e-uma-pessoa-morre\/","title":{"rendered":"Motos batem de frente e uma pessoa morre"},"content":{"rendered":"<p style=\"text-align: justify;\"><span style=\"color: #888888;\"><img loading=\"lazy\" decoding=\"async\" class=\"alignleft\" src=\"https:\/\/www.portalcaparao.com.br\/fotos\/images\/acidenteaj.jpg\" alt=\"\" width=\"125\" height=\"125\" \/>Uma mulher morreu num acidente envolvendo duas motos na regi\u00e3o da comunidade de Loanda, em Alto Jequitib\u00e1, na MG-111, na noite de s\u00e1bado, 18\/05. Duas motos bateram de frente.<\/span><\/p>\n<p style=\"text-align: justify;\"><span style=\"color: #888888;\">O jovem Silv\u00e9rio Pereira Melania, 20 anos, morador do C\u00f3rrego Fazendinha, em Capara\u00f3, pilotava uma moto Honda Bros de cor vermelha, placa HBO 6346, sentido Capara\u00f3 &#8211; Alto Jequitib\u00e1 e colidiu de frente com a moto Titan 150, de cor azul, placa HZM 7321 Alto Jequitib\u00e1, conduzida por Maria da Luz Maduro. Ela levava o filho de 12 anos e estavam indo para casa no c\u00f3rrego dos Knupps, em Alto Jequitib\u00e1.<!--more--><\/span><\/p>\n<p style=\"text-align: justify;\"><span style=\"color: #888888;\">Os feridos foram levados para a Casa de Caridade em Carangola. Maria da Luz Maduro, conhecida como Lotinha, n\u00e3o resistiu aos ferimentos e morreu no hospital. Silv\u00e9rio Pereira foi socorrido em estado grave. O garoto estava consciente e conversando.<\/span><\/p>\n<p style=\"text-align: justify;\"><span style=\"color: #888888;\">Duas ambul\u00e2ncias de Alto Jequitib\u00e1 e uma da cidade de Manhumirim foram utilizadas para socorrer as v\u00edtimas. A ambul\u00e2ncia de Alto Capara\u00f3 tamb\u00e9m atendeu ao chamado e esteve no local.<\/span><\/p>\n<p style=\"text-align: justify;\"><span style=\"color: #888888;\">A Per\u00edcia T\u00e9cnica da Pol\u00edcia Civil esteve no local e vai apurar as causas do acidente. Com informa\u00e7\u00f5es de Jos\u00e9 Carlos Lovantino.<\/span><\/p>\n<p style=\"text-align: justify;\"><span style=\"color: #ff0000;\">Confira as imagens:<\/span><\/p>\n<p style=\"text-align: justify;\"><span style=\"color: #ff0000;\"><img loading=\"lazy\" decoding=\"async\" src=\"https:\/\/www.portalcaparao.com.br\/fotos\/images\/acidenteaj.jpg\" alt=\"\" width=\"300\" height=\"226\" \/><\/span><\/p>\n<p style=\"text-align: justify;\"><span style=\"color: #ff0000;\"><img loading=\"lazy\" decoding=\"async\" src=\"https:\/\/www.portalcaparao.com.br\/fotos\/images\/acidenteaj1.jpg\" alt=\"\" width=\"300\" height=\"226\" \/><\/span><\/p>\n<p style=\"text-align: justify;\"><span style=\"color: #ff0000;\"><img loading=\"lazy\" decoding=\"async\" src=\"https:\/\/www.portalcaparao.com.br\/fotos\/images\/acidenteaj2.jpg\" alt=\"\" width=\"300\" height=\"226\" \/><\/span><\/p>\n<p style=\"text-align: justify;\"><span style=\"color: #ff0000;\"><img loading=\"lazy\" decoding=\"async\" src=\"https:\/\/www.portalcaparao.com.br\/fotos\/images\/acidenteaj3.jpg\" alt=\"\" width=\"300\" height=\"226\" \/><\/span><\/p>\n<p style=\"text-align: justify;\"><span style=\"color: #ff0000;\"><a href=\"https:\/\/www.facebook.com\/click.carangola\" target=\"_blank\"><img loading=\"lazy\" decoding=\"async\" id=\"il_fi\" src=\"https:\/\/www.psicologia.pt\/images\/facebook_siga.jpg\" alt=\"\" width=\"155\" height=\"48\" \/><\/a><\/span><\/p>\n<p style=\"text-align: justify;\"><span style=\"color: #888888;\">Por: Click Carangola | Sugest\u00f5es de pauta: <a href=\"mailto:clickcarangola@gmail.com\">clickcarangola@gmail.com<\/a> <\/span><\/p>\n","protected":false},"excerpt":{"rendered":"<p>Uma mulher morreu num acidente envolvendo duas motos na regi\u00e3o da comunidade de Loanda, em Alto Jequitib\u00e1, na MG-111, na noite de s\u00e1bado, 18\/05. Duas motos bateram de frente. O jovem Silv\u00e9rio Pereira Melania, 20 anos, morador do C\u00f3rrego Fazendinha, em Capara\u00f3, pilotava uma moto Honda Bros de cor vermelha, placa HBO 6346, sentido Capara\u00f3 [&hellip;]<\/p>\n","protected":false},"author":2,"featured_media":0,"comment_status":"open","ping_status":"open","sticky":false,"template":"","format":"standard","meta":{"footnotes":""},"categories":[40],"tags":[],"class_list":["post-9587","post","type-post","status-publish","format-standard","hentry","category-altojequitiba-mg"],"_links":{"self":[{"href":"https:\/\/clickcarangola.com.br\/site\/wp-json\/wp\/v2\/posts\/9587","targetHints":{"allow":["GET"]}}],"collection":[{"href":"https:\/\/clickcarangola.com.br\/site\/wp-json\/wp\/v2\/posts"}],"about":[{"href":"https:\/\/clickcarangola.com.br\/site\/wp-json\/wp\/v2\/types\/post"}],"author":[{"embeddable":true,"href":"https:\/\/clickcarangola.com.br\/site\/wp-json\/wp\/v2\/users\/2"}],"replies":[{"embeddable":true,"href":"https:\/\/clickcarangola.com.br\/site\/wp-json\/wp\/v2\/comments?post=9587"}],"version-history":[{"count":5,"href":"https:\/\/clickcarangola.com.br\/site\/wp-json\/wp\/v2\/posts\/9587\/revisions"}],"predecessor-version":[{"id":9589,"href":"https:\/\/clickcarangola.com.br\/site\/wp-json\/wp\/v2\/posts\/9587\/revisions\/9589"}],"wp:attachment":[{"href":"https:\/\/clickcarangola.com.br\/site\/wp-json\/wp\/v2\/media?parent=9587"}],"wp:term":[{"taxonomy":"category","embeddable":true,"href":"https:\/\/clickcarangola.com.br\/site\/wp-json\/wp\/v2\/categories?post=9587"},{"taxonomy":"post_tag","embeddable":true,"href":"https:\/\/clickcarangola.com.br\/site\/wp-json\/wp\/v2\/tags?post=9587"}],"curies":[{"name":"wp","href":"https:\/\/api.w.org\/{rel}","templated":true}]}}