{"id":9663,"date":"2013-05-31T06:00:12","date_gmt":"2013-05-31T09:00:12","guid":{"rendered":"https:\/\/clickcarangola.com.br\/site\/?p=9663"},"modified":"2013-06-06T11:27:16","modified_gmt":"2013-06-06T14:27:16","slug":"br-116-acidente-envolvendo-dois-caminhoes-deixa-uma-pessoa-ferida-em-bicuiba","status":"publish","type":"post","link":"https:\/\/clickcarangola.com.br\/site\/31\/05\/2013\/br-116-acidente-envolvendo-dois-caminhoes-deixa-uma-pessoa-ferida-em-bicuiba\/","title":{"rendered":"BR 116: acidente envolvendo dois caminh\u00f5es deixa uma pessoa ferida, em Bicu\u00edba"},"content":{"rendered":"<p style=\"text-align: justify;\"><span style=\"color: #888888;\"><img loading=\"lazy\" decoding=\"async\" class=\"alignleft\" src=\"https:\/\/www.radiomuriae.com.br\/admin\/fotos\/2ef5739d82897e798c5f16e1014a989b.Foto%201.JPG\" alt=\"\" width=\"125\" height=\"125\" vspace=\"5\" \/>Um violento acidente entre dois caminh\u00f5es, na BR-116, na altura do trevo Bicu\u00edba, entrada para S\u00e3o Francisco do Gl\u00f3ria, na tarde desta quinta-feira (30), deixou uma pessoa ferida. <\/span><\/p>\n<p style=\"text-align: justify;\"><span style=\"color: #888888;\">T. S. M., de 20 anos, conduzia um dos ve\u00edculos, com placas de Ipanema (MG), transportando telhas de amianto, e ficou preso nas ferragens da cabine. Ele foi resgatado por bombeiros de Muria\u00e9, com suspeita de fratura na bacia e cortes em um dos bra\u00e7os.<!--more--><\/span><\/p>\n<p style=\"text-align: justify;\"><span style=\"color: #888888;\">De acordo com a Pol\u00edcia Rodovi\u00e1ria Federal de Fervedouro, que atendeu a ocorr\u00eancia, o caminh\u00e3o de Ipanema seguia sentido Fervedouro e capotou ap\u00f3s ser atingido lateralmente pelo outro ve\u00edculo, de Petrolina (PE), carregado com mangas, que descia em dire\u00e7\u00e3o a Muria\u00e9 e invadiu a contram\u00e3o. Com a colis\u00e3o, o caminh\u00e3o, que teria causado o acidente tombou, mas o motorista n\u00e3o sofreu les\u00f5es aparentes.<\/span><\/p>\n<p style=\"text-align: justify;\"><span style=\"color: #888888;\">Uma enfermeira de S\u00e3o Francisco do Gl\u00f3ria teve participa\u00e7\u00e3o fundamental no atendimento ao condutor, que ficou preso \u00e0s ferragens. Ela amparou o jovem e conseguiu acalm\u00e1-lo at\u00e9 a chegada dos bombeiros. Em entrevista, Cleidiane Fialho disse que, no in\u00edcio, o rapaz estava muito nervoso e preocupado com a fam\u00edlia: \u201cEle ficava repetindo que vai fazer 21 anos amanh\u00e3 e que a esposa est\u00e1 gr\u00e1vida de quatro meses, mas fomos conversando, afirmando que amanh\u00e3 mesmo ele j\u00e1 estaria com a fam\u00edlia e, assim, ele ficou bem tranquilo\u201d, contou a enfermeira.<\/span><\/p>\n<p style=\"text-align: justify;\"><span style=\"color: #888888;\">Para o resgate da v\u00edtima, os bombeiros contaram com o aux\u00edlio de um guincho de uma empresa para erguer a cabine, possibilitando a retirada do motorista. Ele foi imobilizado e levado para o hospital S\u00e3o Paulo.<\/span><\/p>\n<p style=\"text-align: justify;\"><span style=\"color: #888888;\">A PRF informou que a o condutor do caminh\u00e3o que invadiu a pista contr\u00e1ria n\u00e3o deu detalhes do que aconteceu. A per\u00edcia vai analisar as causas do acidente. Com informa\u00e7\u00f5es da PRF e R\u00e1dio Muria\u00e9.<\/span><\/p>\n<p style=\"text-align: justify;\"><span style=\"color: #ff0000;\">Confira as imagens:<\/span><\/p>\n<p style=\"text-align: justify;\"><span style=\"color: #ff0000;\"><img loading=\"lazy\" decoding=\"async\" src=\"https:\/\/www.radiomuriae.com.br\/admin\/fotos\/2ef5739d82897e798c5f16e1014a989b.Foto%201.JPG\" alt=\"\" width=\"300\" height=\"226\" vspace=\"5\" \/><\/span><\/p>\n<p style=\"text-align: justify;\"><span style=\"color: #ff0000;\"><img loading=\"lazy\" decoding=\"async\" style=\"border: 0px;\" src=\"https:\/\/www.radiomuriae.com.br\/admin\/fotos\/11019\/ENFERNEIRA%20NA%20CABINE].JPG\" alt=\"\" width=\"300\" height=\"226\" border=\"0\" \/><\/span><\/p>\n<p style=\"text-align: justify;\"><span style=\"color: #ff0000;\"><img loading=\"lazy\" decoding=\"async\" title=\"\" src=\"https:\/\/www.radiomuriae.com.br\/admin\/fotos\/11019\/Foto%203.JPG\" alt=\"\" width=\"300\" height=\"226\" border=\"0\" \/><\/span><\/p>\n<p style=\"text-align: justify;\"><span style=\"color: #ff0000;\"><img loading=\"lazy\" decoding=\"async\" title=\"\" src=\"https:\/\/www.radiomuriae.com.br\/admin\/fotos\/11019\/VITIMA%202.JPG\" alt=\"\" width=\"300\" height=\"226\" border=\"0\" \/><\/span><\/p>\n<p style=\"text-align: justify;\"><span style=\"color: #ff0000;\"><img loading=\"lazy\" decoding=\"async\" title=\"\" src=\"https:\/\/www.radiomuriae.com.br\/admin\/fotos\/11019\/Foto%206.JPG\" alt=\"\" width=\"300\" height=\"226\" border=\"0\" \/><\/span><\/p>\n<p style=\"text-align: justify;\"><span style=\"color: #ff0000;\"><a href=\"https:\/\/www.facebook.com\/click.carangola\" target=\"_blank\"><img loading=\"lazy\" decoding=\"async\" id=\"il_fi\" src=\"https:\/\/www.psicologia.pt\/images\/facebook_siga.jpg\" alt=\"\" width=\"155\" height=\"48\" \/><\/a><\/span><\/p>\n<p style=\"text-align: justify;\"><span style=\"color: #888888;\">Por: Click Carangola | Sugest\u00f5es de pauta: <a href=\"mailto:clickcarangola@gmail.com\">clickcarangola@gmail.com<\/a> <\/span><\/p>\n","protected":false},"excerpt":{"rendered":"<p>Um violento acidente entre dois caminh\u00f5es, na BR-116, na altura do trevo Bicu\u00edba, entrada para S\u00e3o Francisco do Gl\u00f3ria, na tarde desta quinta-feira (30), deixou uma pessoa ferida. T. S. M., de 20 anos, conduzia um dos ve\u00edculos, com placas de Ipanema (MG), transportando telhas de amianto, e ficou preso nas ferragens da cabine. Ele [&hellip;]<\/p>\n","protected":false},"author":2,"featured_media":0,"comment_status":"open","ping_status":"open","sticky":false,"template":"","format":"standard","meta":{"footnotes":""},"categories":[55],"tags":[],"class_list":["post-9663","post","type-post","status-publish","format-standard","hentry","category-saofranciscodogloria-mg"],"_links":{"self":[{"href":"https:\/\/clickcarangola.com.br\/site\/wp-json\/wp\/v2\/posts\/9663","targetHints":{"allow":["GET"]}}],"collection":[{"href":"https:\/\/clickcarangola.com.br\/site\/wp-json\/wp\/v2\/posts"}],"about":[{"href":"https:\/\/clickcarangola.com.br\/site\/wp-json\/wp\/v2\/types\/post"}],"author":[{"embeddable":true,"href":"https:\/\/clickcarangola.com.br\/site\/wp-json\/wp\/v2\/users\/2"}],"replies":[{"embeddable":true,"href":"https:\/\/clickcarangola.com.br\/site\/wp-json\/wp\/v2\/comments?post=9663"}],"version-history":[{"count":8,"href":"https:\/\/clickcarangola.com.br\/site\/wp-json\/wp\/v2\/posts\/9663\/revisions"}],"predecessor-version":[{"id":9665,"href":"https:\/\/clickcarangola.com.br\/site\/wp-json\/wp\/v2\/posts\/9663\/revisions\/9665"}],"wp:attachment":[{"href":"https:\/\/clickcarangola.com.br\/site\/wp-json\/wp\/v2\/media?parent=9663"}],"wp:term":[{"taxonomy":"category","embeddable":true,"href":"https:\/\/clickcarangola.com.br\/site\/wp-json\/wp\/v2\/categories?post=9663"},{"taxonomy":"post_tag","embeddable":true,"href":"https:\/\/clickcarangola.com.br\/site\/wp-json\/wp\/v2\/tags?post=9663"}],"curies":[{"name":"wp","href":"https:\/\/api.w.org\/{rel}","templated":true}]}}