{"id":978,"date":"2011-09-23T12:51:50","date_gmt":"2011-09-23T15:51:50","guid":{"rendered":"https:\/\/clickcarangola.com.br\/site\/?p=978"},"modified":"2011-09-23T14:04:13","modified_gmt":"2011-09-23T17:04:13","slug":"mais-de-uma-tonelada-de-droga-e-incinerada-em-uberlandia-e-patos-de-minas","status":"publish","type":"post","link":"https:\/\/clickcarangola.com.br\/site\/23\/09\/2011\/mais-de-uma-tonelada-de-droga-e-incinerada-em-uberlandia-e-patos-de-minas\/","title":{"rendered":"Mais de uma tonelada de droga \u00e9 incinerada em Uberl\u00e2ndia e Patos de Minas"},"content":{"rendered":"<p style=\"text-align: justify;\"><span style=\"color: #808080;\"><img loading=\"lazy\" decoding=\"async\" class=\"alignleft size-full wp-image-979\" title=\"Informa\u00e7\u00f5es: Megaminas.com\" src=\"https:\/\/clickcarangola.com.br\/site\/wp-content\/uploads\/2011\/09\/Drogas.jpg\" alt=\"\" width=\"300\" height=\"226\" srcset=\"https:\/\/clickcarangola.com.br\/site\/wp-content\/uploads\/2011\/09\/Drogas.jpg 300w, https:\/\/clickcarangola.com.br\/site\/wp-content\/uploads\/2011\/09\/Drogas-100x75.jpg 100w\" sizes=\"auto, (max-width: 300px) 100vw, 300px\" \/>Mais de uma tonelada de droga foi incinerada nesta sexta-feira (23), em Uberl\u00e2ndia e Patos de Minas. O material faz parte do trabalho de apreens\u00f5es das pol\u00edcias Civil e Militar. O carregamento de uma tonelada de maconha, apreendido durante a Opera\u00e7\u00e3o \u201cApocalipse\u201d da Pol\u00edcia Civil, estava guardado na delegacia de furtos e roubos de Patos de Minas. Foram necess\u00e1rios quatro carros para transportar a droga at\u00e9 a ind\u00fastria de cer\u00e2micas, onde foi incinerada. O trabalho foi acompanhado pelo Minist\u00e9rio P\u00fablico Estadual. De acordo com o delegado chefe do 10\u00ba Departamento de Pol\u00edcia Civil, a Opera\u00e7\u00e3o \u201cApocalipse\u201d teve outros desdobramentos e mais pessoas foram presas.<\/span><\/p>\n<p style=\"text-align: justify;\"><strong><span style=\"color: #808080;\">Por: Click Carangola<\/span><\/strong><\/p>\n<p>\u00bb Envie not\u00edcias, sugest\u00f5es, den\u00fancias, cr\u00edticas e pedidos para a nossa Reda\u00e7\u00e3o \u2013 <a href=\"mailto:clickcarangola@gmail.com\">clickcarangola@gmail.com<\/a><\/p>\n","protected":false},"excerpt":{"rendered":"<p>Mais de uma tonelada de droga foi incinerada nesta sexta-feira (23), em Uberl\u00e2ndia e Patos de Minas. O material faz parte do trabalho de apreens\u00f5es das pol\u00edcias Civil e Militar. O carregamento de uma tonelada de maconha, apreendido durante a Opera\u00e7\u00e3o \u201cApocalipse\u201d da Pol\u00edcia Civil, estava guardado na delegacia de furtos e roubos de Patos [&hellip;]<\/p>\n","protected":false},"author":2,"featured_media":0,"comment_status":"open","ping_status":"open","sticky":false,"template":"","format":"standard","meta":{"footnotes":""},"categories":[1],"tags":[],"class_list":["post-978","post","type-post","status-publish","format-standard","hentry","category-regional"],"_links":{"self":[{"href":"https:\/\/clickcarangola.com.br\/site\/wp-json\/wp\/v2\/posts\/978","targetHints":{"allow":["GET"]}}],"collection":[{"href":"https:\/\/clickcarangola.com.br\/site\/wp-json\/wp\/v2\/posts"}],"about":[{"href":"https:\/\/clickcarangola.com.br\/site\/wp-json\/wp\/v2\/types\/post"}],"author":[{"embeddable":true,"href":"https:\/\/clickcarangola.com.br\/site\/wp-json\/wp\/v2\/users\/2"}],"replies":[{"embeddable":true,"href":"https:\/\/clickcarangola.com.br\/site\/wp-json\/wp\/v2\/comments?post=978"}],"version-history":[{"count":4,"href":"https:\/\/clickcarangola.com.br\/site\/wp-json\/wp\/v2\/posts\/978\/revisions"}],"predecessor-version":[{"id":983,"href":"https:\/\/clickcarangola.com.br\/site\/wp-json\/wp\/v2\/posts\/978\/revisions\/983"}],"wp:attachment":[{"href":"https:\/\/clickcarangola.com.br\/site\/wp-json\/wp\/v2\/media?parent=978"}],"wp:term":[{"taxonomy":"category","embeddable":true,"href":"https:\/\/clickcarangola.com.br\/site\/wp-json\/wp\/v2\/categories?post=978"},{"taxonomy":"post_tag","embeddable":true,"href":"https:\/\/clickcarangola.com.br\/site\/wp-json\/wp\/v2\/tags?post=978"}],"curies":[{"name":"wp","href":"https:\/\/api.w.org\/{rel}","templated":true}]}}