{"id":9848,"date":"2013-06-09T07:00:23","date_gmt":"2013-06-09T10:00:23","guid":{"rendered":"https:\/\/clickcarangola.com.br\/site\/?p=9848"},"modified":"2013-06-10T15:29:16","modified_gmt":"2013-06-10T18:29:16","slug":"pm-prende-suspeito-e-recupera-moto-furtada-em-sao-francisco-do-gloria","status":"publish","type":"post","link":"https:\/\/clickcarangola.com.br\/site\/09\/06\/2013\/pm-prende-suspeito-e-recupera-moto-furtada-em-sao-francisco-do-gloria\/","title":{"rendered":"PM prende suspeito e recupera moto furtada, em S\u00e3o Francisco do Gl\u00f3ria"},"content":{"rendered":"<p style=\"text-align: justify;\"><span style=\"color: #888888;\"><img loading=\"lazy\" decoding=\"async\" class=\"alignleft\" src=\"https:\/\/www.radiomuriae.com.br\/admin\/fotos\/f7b81f0a2a8a01c592611e5526f93b1c.1.JPG\" alt=\"\" width=\"125\" height=\"125\" vspace=\"5\" \/>Policiais militares de S\u00e3o Francisco do Gl\u00f3ria prenderam um homem acusado de furtar uma motocicleta, na noite deste s\u00e1bado (08). A moto foi recuperada e o curioso \u00e9 que o suspeito, que\u00a0n\u00e3o\u00a0tem habilita\u00e7\u00e3o, j\u00e1 havia sido abordado pela PM, horas antes, conduzindo outra motocicleta, com documenta\u00e7\u00e3o irregular.<\/span><\/p>\n<p style=\"text-align: justify;\"><span style=\"color: #888888;\">Segundo a PM, policiais realizavam patrulhamento pela cidade, quando se depararam com o autor em uma moto, em atitude suspeita e, ao fazerem a abordagem, verificaram que ele n\u00e3o possu\u00eda CNH e que o ve\u00edculo estava sem licenciamento. A motocicleta foi apreendida e o rapaz multado e liberado.<!--more--><\/span><\/p>\n<p style=\"text-align: justify;\"><span style=\"color: #888888;\">Durante a confec\u00e7\u00e3o desta ocorr\u00eancia, os militares foram acionados por uma v\u00edtima, que informou o furto de sua moto. Ap\u00f3s serem passadas as caracter\u00edsticas do autor, a PM come\u00e7ou o rastreamento pelo local, at\u00e9 que o ve\u00edculo foi localizado. E para a surpresa dos militares, foi constatado que o suspeito pelo furto se tratava do mesmo homem abordado horas atr\u00e1s.<\/span><\/p>\n<p style=\"text-align: justify;\"><span style=\"color: #888888;\">Ap\u00f3s a segunda ocorr\u00eancia, o autor foi encaminhado a delegacia de plant\u00e3o, em Muria\u00e9 para demais provid\u00eancias por parte da Pol\u00edcia Civil. Com informa\u00e7\u00f5es da PM e R\u00e1dio Muria\u00e9.<\/span><\/p>\n<p style=\"text-align: justify;\"><span style=\"color: #ff0000;\">Confira as imagens:<\/span><\/p>\n<p style=\"text-align: justify;\"><img loading=\"lazy\" decoding=\"async\" src=\"https:\/\/www.radiomuriae.com.br\/admin\/fotos\/f7b81f0a2a8a01c592611e5526f93b1c.1.JPG\" alt=\"\" width=\"300\" height=\"226\" vspace=\"5\" \/><\/p>\n<p style=\"text-align: justify;\"><img loading=\"lazy\" decoding=\"async\" style=\"border: 0px;\" src=\"https:\/\/www.radiomuriae.com.br\/admin\/fotos\/11110\/3.jpg\" alt=\"\" width=\"300\" height=\"226\" border=\"0\" \/><\/p>\n<p style=\"text-align: justify;\"><img loading=\"lazy\" decoding=\"async\" style=\"border: 0px;\" src=\"https:\/\/www.radiomuriae.com.br\/admin\/fotos\/11110\/2.JPG\" alt=\"\" width=\"300\" height=\"226\" border=\"0\" \/><\/p>\n<p style=\"text-align: justify;\"><span style=\"color: #ff0000;\"><a href=\"https:\/\/www.facebook.com\/click.carangola\" target=\"_blank\"><img loading=\"lazy\" decoding=\"async\" id=\"il_fi\" src=\"https:\/\/www.psicologia.pt\/images\/facebook_siga.jpg\" alt=\"\" width=\"155\" height=\"48\" \/><\/a><\/span><\/p>\n<p style=\"text-align: justify;\"><span style=\"color: #888888;\">Por: Click Carangola | Sugest\u00f5es de pauta: <a href=\"mailto:clickcarangola@gmail.com\">clickcarangola@gmail.com<\/a> <\/span><\/p>\n","protected":false},"excerpt":{"rendered":"<p>Policiais militares de S\u00e3o Francisco do Gl\u00f3ria prenderam um homem acusado de furtar uma motocicleta, na noite deste s\u00e1bado (08). A moto foi recuperada e o curioso \u00e9 que o suspeito, que\u00a0n\u00e3o\u00a0tem habilita\u00e7\u00e3o, j\u00e1 havia sido abordado pela PM, horas antes, conduzindo outra motocicleta, com documenta\u00e7\u00e3o irregular. Segundo a PM, policiais realizavam patrulhamento pela cidade, [&hellip;]<\/p>\n","protected":false},"author":2,"featured_media":0,"comment_status":"open","ping_status":"open","sticky":false,"template":"","format":"standard","meta":{"footnotes":""},"categories":[55],"tags":[],"class_list":["post-9848","post","type-post","status-publish","format-standard","hentry","category-saofranciscodogloria-mg"],"_links":{"self":[{"href":"https:\/\/clickcarangola.com.br\/site\/wp-json\/wp\/v2\/posts\/9848","targetHints":{"allow":["GET"]}}],"collection":[{"href":"https:\/\/clickcarangola.com.br\/site\/wp-json\/wp\/v2\/posts"}],"about":[{"href":"https:\/\/clickcarangola.com.br\/site\/wp-json\/wp\/v2\/types\/post"}],"author":[{"embeddable":true,"href":"https:\/\/clickcarangola.com.br\/site\/wp-json\/wp\/v2\/users\/2"}],"replies":[{"embeddable":true,"href":"https:\/\/clickcarangola.com.br\/site\/wp-json\/wp\/v2\/comments?post=9848"}],"version-history":[{"count":3,"href":"https:\/\/clickcarangola.com.br\/site\/wp-json\/wp\/v2\/posts\/9848\/revisions"}],"predecessor-version":[{"id":9852,"href":"https:\/\/clickcarangola.com.br\/site\/wp-json\/wp\/v2\/posts\/9848\/revisions\/9852"}],"wp:attachment":[{"href":"https:\/\/clickcarangola.com.br\/site\/wp-json\/wp\/v2\/media?parent=9848"}],"wp:term":[{"taxonomy":"category","embeddable":true,"href":"https:\/\/clickcarangola.com.br\/site\/wp-json\/wp\/v2\/categories?post=9848"},{"taxonomy":"post_tag","embeddable":true,"href":"https:\/\/clickcarangola.com.br\/site\/wp-json\/wp\/v2\/tags?post=9848"}],"curies":[{"name":"wp","href":"https:\/\/api.w.org\/{rel}","templated":true}]}}